{"id":41820,"date":"2023-12-21T18:30:00","date_gmt":"2023-12-21T21:30:00","guid":{"rendered":"https:\/\/www.obispado-mdp.org.ar\/a\/?p=41820"},"modified":"2023-10-04T11:22:00","modified_gmt":"2023-10-04T14:22:00","slug":"evangelio-segun-san-lucas-146-56-3","status":"publish","type":"post","link":"https:\/\/www.obispado-mdp.org.ar\/a\/evangelio-segun-san-lucas-146-56-3\/","title":{"rendered":"Evangelio seg\u00fan San Lucas\u00a01,46-56."},"content":{"rendered":"\n<p>Mar\u00eda dijo entonces:<br>\u00abMi alma canta la grandeza del Se\u00f1or,<br>y mi esp\u00edritu se estremece de gozo en Dios, mi Salvador,<br>porque \u00e9l mir\u00f3 con bondad la peque\u00f1ez de tu servidora.<br>En adelante todas las generaciones me llamar\u00e1n feliz\u00bb.<br>Porque el Todopoderoso ha hecho en m\u00ed grandes cosas:<br>\u00a1su Nombre es santo!<br>Su misericordia se extiende de generaci\u00f3n en generaci\u00f3n<br>sobre aquellos que lo temen.<br>Despleg\u00f3 la fuerza de su brazo, dispers\u00f3 a los soberbios de coraz\u00f3n.<br>Derrib\u00f3 a los poderosos de su trono y elev\u00f3 a los humildes.<br>Colm\u00f3 de bienes a los hambrientos<br>y despidi\u00f3 a los ricos con las manos vac\u00edas.<br>Socorri\u00f3 a Israel, su servidor,<br>acord\u00e1ndose de su misericordia,<br>como lo hab\u00eda prometido a nuestros padres,<br>en favor de Abraham y de su descendencia para siempre\u00bb.<br>Mar\u00eda permaneci\u00f3 con Isabel unos tres meses y luego regres\u00f3 a su casa.<\/p>\n\n\n\n<p class=\"has-text-align-right\"><em>Extra\u00eddo de la Biblia: Libro del Pueblo de Dios. <\/em><\/p>\n","protected":false},"excerpt":{"rendered":"<p>Mar\u00eda dijo entonces:\u00abMi alma canta la grandeza del Se\u00f1or,y mi esp\u00edritu se estremece de gozo en Dios, mi Salvador,porque \u00e9l mir\u00f3 con bondad la peque\u00f1ez de tu servidora.En adelante todas las generaciones me llamar\u00e1n feliz\u00bb.Porque el Todopoderoso ha hecho en m\u00ed grandes cosas:\u00a1su Nombre es santo!Su misericordia se extiende de generaci\u00f3n en generaci\u00f3nsobre aquellos que [&hellip;]<\/p>\n","protected":false},"author":3,"featured_media":31455,"comment_status":"open","ping_status":"closed","sticky":false,"template":"","format":"standard","meta":{"_et_pb_use_builder":"off","_et_pb_old_content":"<!-- wp:paragraph -->\n<p> Al atardecer de ese mismo d\u00eda, el primero de la semana, estando cerradas las puertas del lugar donde se encontraban los disc\u00edpulos, por temor a los jud\u00edos, lleg\u00f3 Jes\u00fas y poni\u00e9ndose en medio de ellos, les dijo: \"\u00a1La paz est\u00e9 con ustedes!\".<br>Mientras dec\u00eda esto, les mostr\u00f3 sus manos y su costado. Los disc\u00edpulos se llenaron de alegr\u00eda cuando vieron al Se\u00f1or.<br>Jes\u00fas les dijo de nuevo: \"\u00a1La paz est\u00e9 con ustedes! Como el Padre me envi\u00f3 a m\u00ed, yo tambi\u00e9n los env\u00edo a ustedes\".<br>Al decirles esto, sopl\u00f3 sobre ellos y a\u00f1adi\u00f3: \"Reciban el Esp\u00edritu Santo.<br>Los pecados ser\u00e1n perdonados a los que ustedes se los perdonen, y ser\u00e1n retenidos a los que ustedes se los retengan\". <\/p>\n<!-- \/wp:paragraph -->\n\n<!-- wp:paragraph {\"align\":\"right\"} -->\n<p class=\"has-text-align-right\"><em>Extra\u00eddo de la Biblia: Libro del Pueblo de Dios. <\/em><\/p>\n<!-- \/wp:paragraph -->","_et_gb_content_width":""},"categories":[6],"tags":[],"aioseo_notices":[],"_links":{"self":[{"href":"https:\/\/www.obispado-mdp.org.ar\/a\/wp-json\/wp\/v2\/posts\/41820"}],"collection":[{"href":"https:\/\/www.obispado-mdp.org.ar\/a\/wp-json\/wp\/v2\/posts"}],"about":[{"href":"https:\/\/www.obispado-mdp.org.ar\/a\/wp-json\/wp\/v2\/types\/post"}],"author":[{"embeddable":true,"href":"https:\/\/www.obispado-mdp.org.ar\/a\/wp-json\/wp\/v2\/users\/3"}],"replies":[{"embeddable":true,"href":"https:\/\/www.obispado-mdp.org.ar\/a\/wp-json\/wp\/v2\/comments?post=41820"}],"version-history":[{"count":1,"href":"https:\/\/www.obispado-mdp.org.ar\/a\/wp-json\/wp\/v2\/posts\/41820\/revisions"}],"predecessor-version":[{"id":41821,"href":"https:\/\/www.obispado-mdp.org.ar\/a\/wp-json\/wp\/v2\/posts\/41820\/revisions\/41821"}],"wp:featuredmedia":[{"embeddable":true,"href":"https:\/\/www.obispado-mdp.org.ar\/a\/wp-json\/wp\/v2\/media\/31455"}],"wp:attachment":[{"href":"https:\/\/www.obispado-mdp.org.ar\/a\/wp-json\/wp\/v2\/media?parent=41820"}],"wp:term":[{"taxonomy":"category","embeddable":true,"href":"https:\/\/www.obispado-mdp.org.ar\/a\/wp-json\/wp\/v2\/categories?post=41820"},{"taxonomy":"post_tag","embeddable":true,"href":"https:\/\/www.obispado-mdp.org.ar\/a\/wp-json\/wp\/v2\/tags?post=41820"}],"curies":[{"name":"wp","href":"https:\/\/api.w.org\/{rel}","templated":true}]}}