{"id":41826,"date":"2023-12-24T18:30:00","date_gmt":"2023-12-24T21:30:00","guid":{"rendered":"https:\/\/www.obispado-mdp.org.ar\/a\/?p=41826"},"modified":"2023-10-04T11:24:33","modified_gmt":"2023-10-04T14:24:33","slug":"evangelio-segun-san-juan-11-18-6","status":"publish","type":"post","link":"https:\/\/www.obispado-mdp.org.ar\/a\/evangelio-segun-san-juan-11-18-6\/","title":{"rendered":"Evangelio seg\u00fan San Juan\u00a01,1-18."},"content":{"rendered":"\n<p>Al principio exist\u00eda la Palabra, y la Palabra estaba junto a Dios, y la Palabra era Dios.<br>Al principio estaba junto a Dios.<br>Todas las cosas fueron hechas por medio de la Palabra y sin ella no se hizo nada de todo lo que existe.<br>En ella estaba la vida, y la vida era la luz de los hombres.<br>La luz brilla en las tinieblas, y las tinieblas no la percibieron.<br>Apareci\u00f3 un hombre enviado por Dios, que se llamaba Juan.<br>Vino como testigo, para dar testimonio de la luz, para que todos creyeran por medio de \u00e9l.<br>El no era la luz, sino el testigo de la luz.<br>La Palabra era la luz verdadera que, al venir a este mundo, ilumina a todo hombre.<br>Ella estaba en el mundo, y el mundo fue hecho por medio de ella, y el mundo no la conoci\u00f3.<br>Vino a los suyos, y los suyos no la recibieron.<br>Pero a todos los que la recibieron, a los que creen en su Nombre, les dio el poder de llegar a ser hijos de Dios.<br>Ellos no nacieron de la sangre, ni por obra de la carne, ni de la voluntad del hombre, sino que fueron engendrados por Dios.<br>Y la Palabra se hizo carne y habit\u00f3 entre nosotros. Y nosotros hemos visto su gloria, la gloria que recibe del Padre como Hijo \u00fanico, lleno de gracia y de verdad.<br>Juan da testimonio de \u00e9l, al declarar: \u00abEste es aquel del que yo dije: El que viene despu\u00e9s de m\u00ed me ha precedido, porque exist\u00eda antes que yo\u00bb.<br>De su plenitud, todos nosotros hemos participado y hemos recibido gracia sobre gracia:<br>porque la Ley fue dada por medio de Mois\u00e9s, pero la gracia y la verdad nos han llegado por Jesucristo.<br>Nadie ha visto jam\u00e1s a Dios; el que lo ha revelado es el Hijo \u00fanico, que est\u00e1 en el seno del Padre.<\/p>\n\n\n\n<p class=\"has-text-align-right\"><em>Extra\u00eddo de la Biblia: Libro del Pueblo de Dios. <\/em><\/p>\n","protected":false},"excerpt":{"rendered":"<p>Al principio exist\u00eda la Palabra, y la Palabra estaba junto a Dios, y la Palabra era Dios.Al principio estaba junto a Dios.Todas las cosas fueron hechas por medio de la Palabra y sin ella no se hizo nada de todo lo que existe.En ella estaba la vida, y la vida era la luz de los [&hellip;]<\/p>\n","protected":false},"author":3,"featured_media":31451,"comment_status":"open","ping_status":"closed","sticky":false,"template":"","format":"standard","meta":{"_et_pb_use_builder":"off","_et_pb_old_content":"<!-- wp:paragraph -->\n<p> Al atardecer de ese mismo d\u00eda, el primero de la semana, estando cerradas las puertas del lugar donde se encontraban los disc\u00edpulos, por temor a los jud\u00edos, lleg\u00f3 Jes\u00fas y poni\u00e9ndose en medio de ellos, les dijo: \"\u00a1La paz est\u00e9 con ustedes!\".<br>Mientras dec\u00eda esto, les mostr\u00f3 sus manos y su costado. Los disc\u00edpulos se llenaron de alegr\u00eda cuando vieron al Se\u00f1or.<br>Jes\u00fas les dijo de nuevo: \"\u00a1La paz est\u00e9 con ustedes! Como el Padre me envi\u00f3 a m\u00ed, yo tambi\u00e9n los env\u00edo a ustedes\".<br>Al decirles esto, sopl\u00f3 sobre ellos y a\u00f1adi\u00f3: \"Reciban el Esp\u00edritu Santo.<br>Los pecados ser\u00e1n perdonados a los que ustedes se los perdonen, y ser\u00e1n retenidos a los que ustedes se los retengan\". <\/p>\n<!-- \/wp:paragraph -->\n\n<!-- wp:paragraph {\"align\":\"right\"} -->\n<p class=\"has-text-align-right\"><em>Extra\u00eddo de la Biblia: Libro del Pueblo de Dios. <\/em><\/p>\n<!-- \/wp:paragraph -->","_et_gb_content_width":""},"categories":[6],"tags":[],"aioseo_notices":[],"_links":{"self":[{"href":"https:\/\/www.obispado-mdp.org.ar\/a\/wp-json\/wp\/v2\/posts\/41826"}],"collection":[{"href":"https:\/\/www.obispado-mdp.org.ar\/a\/wp-json\/wp\/v2\/posts"}],"about":[{"href":"https:\/\/www.obispado-mdp.org.ar\/a\/wp-json\/wp\/v2\/types\/post"}],"author":[{"embeddable":true,"href":"https:\/\/www.obispado-mdp.org.ar\/a\/wp-json\/wp\/v2\/users\/3"}],"replies":[{"embeddable":true,"href":"https:\/\/www.obispado-mdp.org.ar\/a\/wp-json\/wp\/v2\/comments?post=41826"}],"version-history":[{"count":1,"href":"https:\/\/www.obispado-mdp.org.ar\/a\/wp-json\/wp\/v2\/posts\/41826\/revisions"}],"predecessor-version":[{"id":41827,"href":"https:\/\/www.obispado-mdp.org.ar\/a\/wp-json\/wp\/v2\/posts\/41826\/revisions\/41827"}],"wp:featuredmedia":[{"embeddable":true,"href":"https:\/\/www.obispado-mdp.org.ar\/a\/wp-json\/wp\/v2\/media\/31451"}],"wp:attachment":[{"href":"https:\/\/www.obispado-mdp.org.ar\/a\/wp-json\/wp\/v2\/media?parent=41826"}],"wp:term":[{"taxonomy":"category","embeddable":true,"href":"https:\/\/www.obispado-mdp.org.ar\/a\/wp-json\/wp\/v2\/categories?post=41826"},{"taxonomy":"post_tag","embeddable":true,"href":"https:\/\/www.obispado-mdp.org.ar\/a\/wp-json\/wp\/v2\/tags?post=41826"}],"curies":[{"name":"wp","href":"https:\/\/api.w.org\/{rel}","templated":true}]}}