{"id":41832,"date":"2023-12-27T18:30:00","date_gmt":"2023-12-27T21:30:00","guid":{"rendered":"https:\/\/www.obispado-mdp.org.ar\/a\/?p=41832"},"modified":"2023-10-04T11:26:56","modified_gmt":"2023-10-04T14:26:56","slug":"evangelio-segun-san-mateo-213-18-3","status":"publish","type":"post","link":"https:\/\/www.obispado-mdp.org.ar\/a\/evangelio-segun-san-mateo-213-18-3\/","title":{"rendered":"Evangelio seg\u00fan San\u00a0Mateo\u00a02,13-18."},"content":{"rendered":"\n<p>Despu\u00e9s de la partida de los magos, el Angel del Se\u00f1or se apareci\u00f3 en sue\u00f1os a Jos\u00e9 y le dijo: \u00abLev\u00e1ntate, toma al ni\u00f1o y a su madre, huye a Egipto y permanece all\u00ed hasta que yo te avise, porque Herodes va a buscar al ni\u00f1o para matarlo\u00bb.<br>Jos\u00e9 se levant\u00f3, tom\u00f3 de noche al ni\u00f1o y a su madre, y se fue a Egipto.<br>All\u00ed permaneci\u00f3 hasta la muerte de Herodes, para que se cumpliera lo que el Se\u00f1or hab\u00eda anunciado por medio del Profeta: Desde Egipto llam\u00e9 a mi hijo.<br>Al verse enga\u00f1ado por los magos, Herodes se enfureci\u00f3 y mand\u00f3 matar, en Bel\u00e9n y sus alrededores, a todos los ni\u00f1os menores de dos a\u00f1os, de acuerdo con la fecha que los magos le hab\u00edan indicado.<br>As\u00ed se cumpli\u00f3 lo que hab\u00eda sido anunciado por el profeta Jerem\u00edas:<br>En Ram\u00e1 se oy\u00f3 una voz, hubo l\u00e1grimas y gemidos: es Raquel, que llora a sus hijos y no quiere que la consuelen, porque ya no existen.<\/p>\n\n\n\n<p class=\"has-text-align-right\"><em>Extra\u00eddo de la Biblia: Libro del Pueblo de Dios. <\/em><\/p>\n","protected":false},"excerpt":{"rendered":"<p>Despu\u00e9s de la partida de los magos, el Angel del Se\u00f1or se apareci\u00f3 en sue\u00f1os a Jos\u00e9 y le dijo: \u00abLev\u00e1ntate, toma al ni\u00f1o y a su madre, huye a Egipto y permanece all\u00ed hasta que yo te avise, porque Herodes va a buscar al ni\u00f1o para matarlo\u00bb.Jos\u00e9 se levant\u00f3, tom\u00f3 de noche al ni\u00f1o [&hellip;]<\/p>\n","protected":false},"author":3,"featured_media":31450,"comment_status":"open","ping_status":"closed","sticky":false,"template":"","format":"standard","meta":{"_et_pb_use_builder":"off","_et_pb_old_content":"<!-- wp:paragraph -->\n<p> Al atardecer de ese mismo d\u00eda, el primero de la semana, estando cerradas las puertas del lugar donde se encontraban los disc\u00edpulos, por temor a los jud\u00edos, lleg\u00f3 Jes\u00fas y poni\u00e9ndose en medio de ellos, les dijo: \"\u00a1La paz est\u00e9 con ustedes!\".<br>Mientras dec\u00eda esto, les mostr\u00f3 sus manos y su costado. Los disc\u00edpulos se llenaron de alegr\u00eda cuando vieron al Se\u00f1or.<br>Jes\u00fas les dijo de nuevo: \"\u00a1La paz est\u00e9 con ustedes! Como el Padre me envi\u00f3 a m\u00ed, yo tambi\u00e9n los env\u00edo a ustedes\".<br>Al decirles esto, sopl\u00f3 sobre ellos y a\u00f1adi\u00f3: \"Reciban el Esp\u00edritu Santo.<br>Los pecados ser\u00e1n perdonados a los que ustedes se los perdonen, y ser\u00e1n retenidos a los que ustedes se los retengan\". <\/p>\n<!-- \/wp:paragraph -->\n\n<!-- wp:paragraph {\"align\":\"right\"} -->\n<p class=\"has-text-align-right\"><em>Extra\u00eddo de la Biblia: Libro del Pueblo de Dios. <\/em><\/p>\n<!-- \/wp:paragraph -->","_et_gb_content_width":""},"categories":[6],"tags":[],"aioseo_notices":[],"_links":{"self":[{"href":"https:\/\/www.obispado-mdp.org.ar\/a\/wp-json\/wp\/v2\/posts\/41832"}],"collection":[{"href":"https:\/\/www.obispado-mdp.org.ar\/a\/wp-json\/wp\/v2\/posts"}],"about":[{"href":"https:\/\/www.obispado-mdp.org.ar\/a\/wp-json\/wp\/v2\/types\/post"}],"author":[{"embeddable":true,"href":"https:\/\/www.obispado-mdp.org.ar\/a\/wp-json\/wp\/v2\/users\/3"}],"replies":[{"embeddable":true,"href":"https:\/\/www.obispado-mdp.org.ar\/a\/wp-json\/wp\/v2\/comments?post=41832"}],"version-history":[{"count":1,"href":"https:\/\/www.obispado-mdp.org.ar\/a\/wp-json\/wp\/v2\/posts\/41832\/revisions"}],"predecessor-version":[{"id":41833,"href":"https:\/\/www.obispado-mdp.org.ar\/a\/wp-json\/wp\/v2\/posts\/41832\/revisions\/41833"}],"wp:featuredmedia":[{"embeddable":true,"href":"https:\/\/www.obispado-mdp.org.ar\/a\/wp-json\/wp\/v2\/media\/31450"}],"wp:attachment":[{"href":"https:\/\/www.obispado-mdp.org.ar\/a\/wp-json\/wp\/v2\/media?parent=41832"}],"wp:term":[{"taxonomy":"category","embeddable":true,"href":"https:\/\/www.obispado-mdp.org.ar\/a\/wp-json\/wp\/v2\/categories?post=41832"},{"taxonomy":"post_tag","embeddable":true,"href":"https:\/\/www.obispado-mdp.org.ar\/a\/wp-json\/wp\/v2\/tags?post=41832"}],"curies":[{"name":"wp","href":"https:\/\/api.w.org\/{rel}","templated":true}]}}