{"id":41840,"date":"2023-12-31T18:30:00","date_gmt":"2023-12-31T21:30:00","guid":{"rendered":"https:\/\/www.obispado-mdp.org.ar\/a\/?p=41840"},"modified":"2023-11-26T07:42:48","modified_gmt":"2023-11-26T10:42:48","slug":"evangelio-segun-san-lucas-216-21-3","status":"publish","type":"post","link":"https:\/\/www.obispado-mdp.org.ar\/a\/evangelio-segun-san-lucas-216-21-3\/","title":{"rendered":"Evangelio seg\u00fan San\u00a0Lucas\u00a02,16-21."},"content":{"rendered":"\n<p>Los pastores fueron r\u00e1pidamente y encontraron a Mar\u00eda, a Jos\u00e9, y al reci\u00e9n nacido acostado en el pesebre.<br>Al verlo, contaron lo que hab\u00edan o\u00eddo decir sobre este ni\u00f1o,<br>y todos los que los escuchaban quedaron admirados de lo que dec\u00edan los pastores.<br>Mientras tanto, Mar\u00eda conservaba estas cosas y las meditaba en su coraz\u00f3n.<br>Y los pastores volvieron, alabando y glorificando a Dios por todo lo que hab\u00edan visto y o\u00eddo, conforme al anuncio que hab\u00edan recibido.<br>Ocho d\u00edas despu\u00e9s, lleg\u00f3 el tiempo de circuncidar al ni\u00f1o y se le puso el nombre de Jes\u00fas, nombre que le hab\u00eda sido dado por el Angel antes de su concepci\u00f3n.<\/p>\n\n\n\n<p class=\"has-text-align-right\"><em>Extra\u00eddo de la Biblia: Libro del Pueblo de Dios. <\/em><\/p>\n","protected":false},"excerpt":{"rendered":"<p>Los pastores fueron r\u00e1pidamente y encontraron a Mar\u00eda, a Jos\u00e9, y al reci\u00e9n nacido acostado en el pesebre.Al verlo, contaron lo que hab\u00edan o\u00eddo decir sobre este ni\u00f1o,y todos los que los escuchaban quedaron admirados de lo que dec\u00edan los pastores.Mientras tanto, Mar\u00eda conservaba estas cosas y las meditaba en su coraz\u00f3n.Y los pastores volvieron, [&hellip;]<\/p>\n","protected":false},"author":3,"featured_media":31451,"comment_status":"open","ping_status":"closed","sticky":false,"template":"","format":"standard","meta":{"_et_pb_use_builder":"off","_et_pb_old_content":"<!-- wp:paragraph -->\n<p> Al atardecer de ese mismo d\u00eda, el primero de la semana, estando cerradas las puertas del lugar donde se encontraban los disc\u00edpulos, por temor a los jud\u00edos, lleg\u00f3 Jes\u00fas y poni\u00e9ndose en medio de ellos, les dijo: \"\u00a1La paz est\u00e9 con ustedes!\".<br>Mientras dec\u00eda esto, les mostr\u00f3 sus manos y su costado. Los disc\u00edpulos se llenaron de alegr\u00eda cuando vieron al Se\u00f1or.<br>Jes\u00fas les dijo de nuevo: \"\u00a1La paz est\u00e9 con ustedes! Como el Padre me envi\u00f3 a m\u00ed, yo tambi\u00e9n los env\u00edo a ustedes\".<br>Al decirles esto, sopl\u00f3 sobre ellos y a\u00f1adi\u00f3: \"Reciban el Esp\u00edritu Santo.<br>Los pecados ser\u00e1n perdonados a los que ustedes se los perdonen, y ser\u00e1n retenidos a los que ustedes se los retengan\". <\/p>\n<!-- \/wp:paragraph -->\n\n<!-- wp:paragraph {\"align\":\"right\"} -->\n<p class=\"has-text-align-right\"><em>Extra\u00eddo de la Biblia: Libro del Pueblo de Dios. <\/em><\/p>\n<!-- \/wp:paragraph -->","_et_gb_content_width":""},"categories":[6],"tags":[],"aioseo_notices":[],"_links":{"self":[{"href":"https:\/\/www.obispado-mdp.org.ar\/a\/wp-json\/wp\/v2\/posts\/41840"}],"collection":[{"href":"https:\/\/www.obispado-mdp.org.ar\/a\/wp-json\/wp\/v2\/posts"}],"about":[{"href":"https:\/\/www.obispado-mdp.org.ar\/a\/wp-json\/wp\/v2\/types\/post"}],"author":[{"embeddable":true,"href":"https:\/\/www.obispado-mdp.org.ar\/a\/wp-json\/wp\/v2\/users\/3"}],"replies":[{"embeddable":true,"href":"https:\/\/www.obispado-mdp.org.ar\/a\/wp-json\/wp\/v2\/comments?post=41840"}],"version-history":[{"count":1,"href":"https:\/\/www.obispado-mdp.org.ar\/a\/wp-json\/wp\/v2\/posts\/41840\/revisions"}],"predecessor-version":[{"id":41841,"href":"https:\/\/www.obispado-mdp.org.ar\/a\/wp-json\/wp\/v2\/posts\/41840\/revisions\/41841"}],"wp:featuredmedia":[{"embeddable":true,"href":"https:\/\/www.obispado-mdp.org.ar\/a\/wp-json\/wp\/v2\/media\/31451"}],"wp:attachment":[{"href":"https:\/\/www.obispado-mdp.org.ar\/a\/wp-json\/wp\/v2\/media?parent=41840"}],"wp:term":[{"taxonomy":"category","embeddable":true,"href":"https:\/\/www.obispado-mdp.org.ar\/a\/wp-json\/wp\/v2\/categories?post=41840"},{"taxonomy":"post_tag","embeddable":true,"href":"https:\/\/www.obispado-mdp.org.ar\/a\/wp-json\/wp\/v2\/tags?post=41840"}],"curies":[{"name":"wp","href":"https:\/\/api.w.org\/{rel}","templated":true}]}}