{"id":41842,"date":"2023-10-05T09:02:00","date_gmt":"2023-10-05T12:02:00","guid":{"rendered":"https:\/\/www.obispado-mdp.org.ar\/a\/?p=41842"},"modified":"2023-10-04T15:11:00","modified_gmt":"2023-10-04T18:11:00","slug":"esperando-al-nuevo-pastor-2","status":"publish","type":"post","link":"https:\/\/www.obispado-mdp.org.ar\/a\/esperando-al-nuevo-pastor-2\/","title":{"rendered":"ESPERANDO AL NUEVO PASTOR."},"content":{"rendered":"\n<p>     <strong>A la luz del misterio de Cristo, Pastor y Obispo de las almas (cf. 1 P 2, 25), el Obispo comprender\u00e1 cada vez m\u00e1s profundamente el misterio de la Iglesia, en la que la gracia de la consagraci\u00f3n episcopal lo ha puesto como maestro, sacerdote y Pastor para guiarla con su misma potestad. Cf. Apostolorum Succesores 1<\/strong>.<\/p>\n\n\n\n<figure class=\"wp-block-image size-large\"><img loading=\"lazy\" width=\"1024\" height=\"1024\" src=\"https:\/\/www.obispado-mdp.org.ar\/a\/wp-content\/uploads\/2023\/10\/2-1024x1024.jpg\" alt=\"\" class=\"wp-image-41843\"\/><\/figure>\n","protected":false},"excerpt":{"rendered":"<p>A la luz del misterio de Cristo, Pastor y Obispo de las almas (cf. 1 P 2, 25), el Obispo comprender\u00e1 cada vez m\u00e1s profundamente el misterio de la Iglesia, en la que la gracia de la consagraci\u00f3n episcopal lo ha puesto como maestro, sacerdote y Pastor para guiarla con su misma potestad. Cf. Apostolorum [&hellip;]<\/p>\n","protected":false},"author":4,"featured_media":41844,"comment_status":"open","ping_status":"open","sticky":false,"template":"","format":"standard","meta":{"_et_pb_use_builder":"","_et_pb_old_content":"","_et_gb_content_width":""},"categories":[4],"tags":[],"aioseo_notices":[],"_links":{"self":[{"href":"https:\/\/www.obispado-mdp.org.ar\/a\/wp-json\/wp\/v2\/posts\/41842"}],"collection":[{"href":"https:\/\/www.obispado-mdp.org.ar\/a\/wp-json\/wp\/v2\/posts"}],"about":[{"href":"https:\/\/www.obispado-mdp.org.ar\/a\/wp-json\/wp\/v2\/types\/post"}],"author":[{"embeddable":true,"href":"https:\/\/www.obispado-mdp.org.ar\/a\/wp-json\/wp\/v2\/users\/4"}],"replies":[{"embeddable":true,"href":"https:\/\/www.obispado-mdp.org.ar\/a\/wp-json\/wp\/v2\/comments?post=41842"}],"version-history":[{"count":1,"href":"https:\/\/www.obispado-mdp.org.ar\/a\/wp-json\/wp\/v2\/posts\/41842\/revisions"}],"predecessor-version":[{"id":41845,"href":"https:\/\/www.obispado-mdp.org.ar\/a\/wp-json\/wp\/v2\/posts\/41842\/revisions\/41845"}],"wp:featuredmedia":[{"embeddable":true,"href":"https:\/\/www.obispado-mdp.org.ar\/a\/wp-json\/wp\/v2\/media\/41844"}],"wp:attachment":[{"href":"https:\/\/www.obispado-mdp.org.ar\/a\/wp-json\/wp\/v2\/media?parent=41842"}],"wp:term":[{"taxonomy":"category","embeddable":true,"href":"https:\/\/www.obispado-mdp.org.ar\/a\/wp-json\/wp\/v2\/categories?post=41842"},{"taxonomy":"post_tag","embeddable":true,"href":"https:\/\/www.obispado-mdp.org.ar\/a\/wp-json\/wp\/v2\/tags?post=41842"}],"curies":[{"name":"wp","href":"https:\/\/api.w.org\/{rel}","templated":true}]}}