{"id":41847,"date":"2023-10-06T12:48:21","date_gmt":"2023-10-06T15:48:21","guid":{"rendered":"https:\/\/www.obispado-mdp.org.ar\/a\/?p=41847"},"modified":"2023-10-06T12:48:48","modified_gmt":"2023-10-06T15:48:48","slug":"exposicion-sobre-educacion-sexual-integral-de-colegios-catolicos","status":"publish","type":"post","link":"https:\/\/www.obispado-mdp.org.ar\/a\/exposicion-sobre-educacion-sexual-integral-de-colegios-catolicos\/","title":{"rendered":"EXPOSICI\u00d3N SOBRE EDUCACI\u00d3N SEXUAL INTEGRAL DE COLEGIOS CAT\u00d3LICOS."},"content":{"rendered":"\n<p class=\"has-pale-cyan-blue-background-color has-background\"><strong>En las instalaciones de la EUT (Escuela Universitaria de Teolog\u00eda) se realiz\u00f3 hoy la \u201cExpo ESI Diocesana\u00bb como fruto de la semana de la Educaci\u00f3n Sexual Integral que se desarroll\u00f3 en todas las escuelas episcopales y congregacionales dependiente de la JUREC.<\/strong><\/p>\n\n\n\n<p>El Administrador Diocesano, Pbro. Luis Alb\u00f3niga, visit\u00f3 la EXPOESI, convers\u00f3 con los y las j\u00f3venes estudiantes de todas las instituciones educativas cat\u00f3licas.<\/p>\n\n\n\n<p>El Padre Luis, antes de la bendici\u00f3n, dijo que \u201ces un orgullo poder ver el trabajo, el entusiasmo y la dedicaci\u00f3n puesta en esta exposici\u00f3n por parte de las y los estudiantes y sus docentes. Se nota que abordan con valent\u00eda y compromiso un tema esencial en la vida de las personas, la educaci\u00f3n sexual integral, que mira a la sexualidad personal junto con los valores y la responsabilidad que este tema conlleva porque afecta la vida de todas las personas. Felicito a los j\u00f3venes y docentes de las 23 instituciones educativas del nivel primario y secundario tanto de Mar del Plata como del interior de la Di\u00f3cesis que hoy exponen sus trabajos al p\u00fablico\u201d.<\/p>\n\n\n\n<figure class=\"wp-container-2 wp-block-gallery-1 wp-block-gallery has-nested-images columns-default is-cropped\">\n<figure class=\"wp-block-image size-large\"><img loading=\"lazy\" width=\"725\" height=\"981\" data-id=\"41851\"  src=\"https:\/\/www.obispado-mdp.org.ar\/a\/wp-content\/uploads\/2023\/10\/4a408394-8951-4657-a132-9ff482200a34.jpg\" alt=\"\" class=\"wp-image-41851\"\/><\/figure>\n\n\n\n<figure class=\"wp-block-image size-large\"><img loading=\"lazy\" width=\"1024\" height=\"472\" data-id=\"41850\"  src=\"https:\/\/www.obispado-mdp.org.ar\/a\/wp-content\/uploads\/2023\/10\/8eda6350-2eeb-451c-abc2-13d3d0e63b96-1024x472.jpg\" alt=\"\" class=\"wp-image-41850\"\/><\/figure>\n\n\n\n<figure class=\"wp-block-image size-large\"><img loading=\"lazy\" width=\"1024\" height=\"472\" data-id=\"41861\"  src=\"https:\/\/www.obispado-mdp.org.ar\/a\/wp-content\/uploads\/2023\/10\/9de215c1-ad4c-4a0a-8d45-158946ddb7a3-1024x472.jpg\" alt=\"\" class=\"wp-image-41861\"\/><\/figure>\n\n\n\n<figure class=\"wp-block-image size-large\"><img loading=\"lazy\" width=\"1024\" height=\"472\" data-id=\"41853\"  src=\"https:\/\/www.obispado-mdp.org.ar\/a\/wp-content\/uploads\/2023\/10\/9ff15c35-e38d-4f22-8f6c-149b0c08e8d7-1024x472.jpg\" alt=\"\" class=\"wp-image-41853\"\/><\/figure>\n\n\n\n<figure class=\"wp-block-image size-large\"><img loading=\"lazy\" width=\"1024\" height=\"715\" data-id=\"41859\"  src=\"https:\/\/www.obispado-mdp.org.ar\/a\/wp-content\/uploads\/2023\/10\/24aad0d6-311a-4fbc-985c-3f1e74e1c7fa-1024x715.jpg\" alt=\"\" class=\"wp-image-41859\"\/><\/figure>\n\n\n\n<figure class=\"wp-block-image size-large\"><img loading=\"lazy\" width=\"1024\" height=\"472\" data-id=\"41856\"  src=\"https:\/\/www.obispado-mdp.org.ar\/a\/wp-content\/uploads\/2023\/10\/98f34dab-cd5a-49d8-9b42-53a5bf59f190-1024x472.jpg\" alt=\"\" class=\"wp-image-41856\"\/><\/figure>\n\n\n\n<figure class=\"wp-block-image size-large\"><img loading=\"lazy\" width=\"1024\" height=\"688\" data-id=\"41849\"  src=\"https:\/\/www.obispado-mdp.org.ar\/a\/wp-content\/uploads\/2023\/10\/99d1d63f-db36-46f5-b4b1-02b6edb3efa0-1024x688.jpg\" alt=\"\" class=\"wp-image-41849\"\/><\/figure>\n\n\n\n<figure class=\"wp-block-image size-large\"><img loading=\"lazy\" width=\"925\" height=\"737\" data-id=\"41857\"  src=\"https:\/\/www.obispado-mdp.org.ar\/a\/wp-content\/uploads\/2023\/10\/3811c597-4d2a-4dbb-9ca5-1441e87278b6.jpg\" alt=\"\" class=\"wp-image-41857\"\/><\/figure>\n\n\n\n<figure class=\"wp-block-image size-large\"><img loading=\"lazy\" width=\"737\" height=\"778\" data-id=\"41854\"  src=\"https:\/\/www.obispado-mdp.org.ar\/a\/wp-content\/uploads\/2023\/10\/6726bffe-b75a-42e1-866f-775c2f119712.jpg\" alt=\"\" class=\"wp-image-41854\"\/><\/figure>\n\n\n\n<figure class=\"wp-block-image size-large\"><img loading=\"lazy\" width=\"1024\" height=\"472\" data-id=\"41858\"  src=\"https:\/\/www.obispado-mdp.org.ar\/a\/wp-content\/uploads\/2023\/10\/2534838c-2418-492a-ac3a-89fd5f810e82-1024x472.jpg\" alt=\"\" class=\"wp-image-41858\"\/><\/figure>\n\n\n\n<figure class=\"wp-block-image size-large\"><img loading=\"lazy\" width=\"737\" height=\"877\" data-id=\"41848\"  src=\"https:\/\/www.obispado-mdp.org.ar\/a\/wp-content\/uploads\/2023\/10\/a2d96e3c-4b53-4869-93aa-8d0b7fe4d30e.jpg\" alt=\"\" class=\"wp-image-41848\"\/><\/figure>\n\n\n\n<figure class=\"wp-block-image size-large\"><img loading=\"lazy\" width=\"1024\" height=\"472\" data-id=\"41855\"  src=\"https:\/\/www.obispado-mdp.org.ar\/a\/wp-content\/uploads\/2023\/10\/da4faf37-cf4b-4b2f-b3b3-a5ae8b90932f-1024x472.jpg\" alt=\"\" class=\"wp-image-41855\"\/><\/figure>\n\n\n\n<figure class=\"wp-block-image size-large\"><img loading=\"lazy\" width=\"1024\" height=\"472\" data-id=\"41852\"  src=\"https:\/\/www.obispado-mdp.org.ar\/a\/wp-content\/uploads\/2023\/10\/bc6395ec-6720-4b90-af03-11167aff0b78-1024x472.jpg\" alt=\"\" class=\"wp-image-41852\"\/><\/figure>\n<\/figure>\n","protected":false},"excerpt":{"rendered":"<p>En las instalaciones de la EUT (Escuela Universitaria de Teolog\u00eda) se realiz\u00f3 hoy la \u201cExpo ESI Diocesana\u00bb como fruto de la semana de la Educaci\u00f3n Sexual Integral que se desarroll\u00f3 en todas las escuelas episcopales y congregacionales dependiente de la JUREC. El Administrador Diocesano, Pbro. Luis Alb\u00f3niga, visit\u00f3 la EXPOESI, convers\u00f3 con los y las [&hellip;]<\/p>\n","protected":false},"author":4,"featured_media":41860,"comment_status":"open","ping_status":"open","sticky":false,"template":"","format":"standard","meta":{"_et_pb_use_builder":"","_et_pb_old_content":"","_et_gb_content_width":""},"categories":[4,5,7],"tags":[],"aioseo_notices":[],"_links":{"self":[{"href":"https:\/\/www.obispado-mdp.org.ar\/a\/wp-json\/wp\/v2\/posts\/41847"}],"collection":[{"href":"https:\/\/www.obispado-mdp.org.ar\/a\/wp-json\/wp\/v2\/posts"}],"about":[{"href":"https:\/\/www.obispado-mdp.org.ar\/a\/wp-json\/wp\/v2\/types\/post"}],"author":[{"embeddable":true,"href":"https:\/\/www.obispado-mdp.org.ar\/a\/wp-json\/wp\/v2\/users\/4"}],"replies":[{"embeddable":true,"href":"https:\/\/www.obispado-mdp.org.ar\/a\/wp-json\/wp\/v2\/comments?post=41847"}],"version-history":[{"count":1,"href":"https:\/\/www.obispado-mdp.org.ar\/a\/wp-json\/wp\/v2\/posts\/41847\/revisions"}],"predecessor-version":[{"id":41862,"href":"https:\/\/www.obispado-mdp.org.ar\/a\/wp-json\/wp\/v2\/posts\/41847\/revisions\/41862"}],"wp:featuredmedia":[{"embeddable":true,"href":"https:\/\/www.obispado-mdp.org.ar\/a\/wp-json\/wp\/v2\/media\/41860"}],"wp:attachment":[{"href":"https:\/\/www.obispado-mdp.org.ar\/a\/wp-json\/wp\/v2\/media?parent=41847"}],"wp:term":[{"taxonomy":"category","embeddable":true,"href":"https:\/\/www.obispado-mdp.org.ar\/a\/wp-json\/wp\/v2\/categories?post=41847"},{"taxonomy":"post_tag","embeddable":true,"href":"https:\/\/www.obispado-mdp.org.ar\/a\/wp-json\/wp\/v2\/tags?post=41847"}],"curies":[{"name":"wp","href":"https:\/\/api.w.org\/{rel}","templated":true}]}}