{"id":41864,"date":"2023-10-07T16:59:30","date_gmt":"2023-10-07T19:59:30","guid":{"rendered":"https:\/\/www.obispado-mdp.org.ar\/a\/?p=41864"},"modified":"2023-10-07T17:04:48","modified_gmt":"2023-10-07T20:04:48","slug":"propuesta-iniciatica-del-camino-de-santiago-en-la-diocesis","status":"publish","type":"post","link":"https:\/\/www.obispado-mdp.org.ar\/a\/propuesta-iniciatica-del-camino-de-santiago-en-la-diocesis\/","title":{"rendered":"PROPUESTA INICIATICA DEL CAMINO DE SANTIAGO EN LA DI\u00d3CESIS."},"content":{"rendered":"\n<p class=\"has-pale-cyan-blue-background-color has-background\"><strong>El administrador diocesano, Pbro Luis Alb\u00f3niga, recibi\u00f3 a Jos\u00e9 Romero, Presidente de la Asociaci\u00f3n Santiago Ap\u00f3stol de Villa Gesell; y a los espa\u00f1oles Alejandro Rubin Carballo, Canciller de la Orden del Camino de Santiago de Compostela y a Jes\u00fas Ares, Consejero de la misma Orden.<\/strong><\/p>\n\n\n\n<p>En el encuentro los presentes se comprometiron a desarrollar una propuesta de camino inici\u00e1tico al tradicional Camino de Santiago que se realiza en Espa\u00f1a. El camino inici\u00e1tico ser\u00e1 una peregrinaci\u00f3n que unir\u00e1 la Catedral de Mar del Plata con el santuario de Santiago Ap\u00f3stol de Villa Gesell.<\/p>\n\n\n\n<figure class=\"wp-container-2 wp-block-gallery-1 wp-block-gallery has-nested-images columns-default is-cropped\">\n<figure class=\"wp-block-image size-large\"><img loading=\"lazy\" width=\"1024\" height=\"768\" data-id=\"41865\"  src=\"https:\/\/www.obispado-mdp.org.ar\/a\/wp-content\/uploads\/2023\/10\/santuario-santiago-apostol-gesell.jpg\" alt=\"\" class=\"wp-image-41865\"\/><figcaption>Santuario de Santiago Ap\u00f3stol de Villa Gesell<\/figcaption><\/figure>\n\n\n\n<figure class=\"wp-block-image size-large\"><img loading=\"lazy\" width=\"1024\" height=\"768\" data-id=\"41866\"  src=\"https:\/\/www.obispado-mdp.org.ar\/a\/wp-content\/uploads\/2023\/10\/santuario-santiago-apostol-gesell1.jpg\" alt=\"\" class=\"wp-image-41866\"\/><figcaption>Santuario de Santiago Apostol de Villa Gesell<\/figcaption><\/figure>\n<\/figure>\n","protected":false},"excerpt":{"rendered":"<p>El administrador diocesano, Pbro Luis Alb\u00f3niga, recibi\u00f3 a Jos\u00e9 Romero, Presidente de la Asociaci\u00f3n Santiago Ap\u00f3stol de Villa Gesell; y a los espa\u00f1oles Alejandro Rubin Carballo, Canciller de la Orden del Camino de Santiago de Compostela y a Jes\u00fas Ares, Consejero de la misma Orden. En el encuentro los presentes se comprometiron a desarrollar una [&hellip;]<\/p>\n","protected":false},"author":4,"featured_media":41867,"comment_status":"open","ping_status":"open","sticky":false,"template":"","format":"standard","meta":{"_et_pb_use_builder":"","_et_pb_old_content":"","_et_gb_content_width":""},"categories":[4],"tags":[],"aioseo_notices":[],"_links":{"self":[{"href":"https:\/\/www.obispado-mdp.org.ar\/a\/wp-json\/wp\/v2\/posts\/41864"}],"collection":[{"href":"https:\/\/www.obispado-mdp.org.ar\/a\/wp-json\/wp\/v2\/posts"}],"about":[{"href":"https:\/\/www.obispado-mdp.org.ar\/a\/wp-json\/wp\/v2\/types\/post"}],"author":[{"embeddable":true,"href":"https:\/\/www.obispado-mdp.org.ar\/a\/wp-json\/wp\/v2\/users\/4"}],"replies":[{"embeddable":true,"href":"https:\/\/www.obispado-mdp.org.ar\/a\/wp-json\/wp\/v2\/comments?post=41864"}],"version-history":[{"count":2,"href":"https:\/\/www.obispado-mdp.org.ar\/a\/wp-json\/wp\/v2\/posts\/41864\/revisions"}],"predecessor-version":[{"id":41869,"href":"https:\/\/www.obispado-mdp.org.ar\/a\/wp-json\/wp\/v2\/posts\/41864\/revisions\/41869"}],"wp:featuredmedia":[{"embeddable":true,"href":"https:\/\/www.obispado-mdp.org.ar\/a\/wp-json\/wp\/v2\/media\/41867"}],"wp:attachment":[{"href":"https:\/\/www.obispado-mdp.org.ar\/a\/wp-json\/wp\/v2\/media?parent=41864"}],"wp:term":[{"taxonomy":"category","embeddable":true,"href":"https:\/\/www.obispado-mdp.org.ar\/a\/wp-json\/wp\/v2\/categories?post=41864"},{"taxonomy":"post_tag","embeddable":true,"href":"https:\/\/www.obispado-mdp.org.ar\/a\/wp-json\/wp\/v2\/tags?post=41864"}],"curies":[{"name":"wp","href":"https:\/\/api.w.org\/{rel}","templated":true}]}}