{"id":41870,"date":"2023-10-08T13:23:58","date_gmt":"2023-10-08T16:23:58","guid":{"rendered":"https:\/\/www.obispado-mdp.org.ar\/a\/?p=41870"},"modified":"2023-10-08T13:30:23","modified_gmt":"2023-10-08T16:30:23","slug":"25-anos-de-la-peregrinacion-a-chapadmalal","status":"publish","type":"post","link":"https:\/\/www.obispado-mdp.org.ar\/a\/25-anos-de-la-peregrinacion-a-chapadmalal\/","title":{"rendered":"25 A\u00d1OS DE LA PEREGRINACI\u00d3N EN CHAPADMALAL."},"content":{"rendered":"\n<p class=\"has-pale-cyan-blue-background-color has-background\"><strong>Los vecinos de las Comunidades de Base del Sur vivieron hoy los 25 a\u00f1os de la peregrinaci\u00f3n de la Virgen de Luj\u00e1n de Chapadmalal.<\/strong><\/p>\n\n\n\n<p class=\"has-white-background-color has-background\">La peregrinaci\u00f3n se inicio en la Capilla Nuestra Se\u00f1ora de los Angeles de la parroquia padre Pio de Pietrelcina. La peregrinaci\u00f3n continu\u00f3 hasta la capilla Nuesta Se\u00f1ora de Luj\u00e1n de Chapadmalal.<br>Hace 25 a\u00f1os que los vecinos de los Ceb del Sur llevan en peregrinaci\u00f3n sus pedidos y oraciones de agradecimiento en la trama de la vida.<br>En el inicio,<strong> Hilda<\/strong> hizo una meditaci\u00f3n de apertura de la peregrinaci\u00f3n. Luego el administrador diocesano, <strong>Pbro Luis Alb\u00f3niga<\/strong> realiz\u00f3 la oraci\u00f3n inicial.<br>La marcha transit\u00f3 en medio de c\u00e1nticos y oraciones a la Virgen de Luj\u00e1n que los acompa\u00f1\u00f3 en todo el trayecto.<br>En la llegada a Chapadmalal el p\u00e1rroco <strong>Santiago Arriola<\/strong> presidi\u00f3 la Misa y agradeci\u00f3 el regalo de \u00abla trama\u00bb, un tejido que enlaza las ilusiones y sue\u00f1os de la comunidad, que fue puesto a los pies de Virgen de Luj\u00e1n.<\/p>\n\n\n\n<figure class=\"wp-container-2 wp-block-gallery-1 wp-block-gallery has-nested-images columns-default is-cropped\">\n<figure class=\"wp-block-image size-large\"><img loading=\"lazy\" width=\"1024\" height=\"768\" data-id=\"41877\"  src=\"https:\/\/www.obispado-mdp.org.ar\/a\/wp-content\/uploads\/2023\/10\/0b465e69-7d5a-426b-93a7-4aa1546a538f-1024x768.jpg\" alt=\"\" class=\"wp-image-41877\"\/><\/figure>\n\n\n\n<figure class=\"wp-block-image size-large\"><img loading=\"lazy\" width=\"768\" height=\"1024\" data-id=\"41879\"  src=\"https:\/\/www.obispado-mdp.org.ar\/a\/wp-content\/uploads\/2023\/10\/1b4df85e-a9f3-4407-9430-e08abbb017ca-768x1024.jpg\" alt=\"\" class=\"wp-image-41879\"\/><\/figure>\n\n\n\n<figure class=\"wp-block-image size-large\"><img loading=\"lazy\" width=\"768\" height=\"1024\" data-id=\"41878\"  src=\"https:\/\/www.obispado-mdp.org.ar\/a\/wp-content\/uploads\/2023\/10\/6cc91f72-23be-4e9b-92fa-8f547cdaf11d-768x1024.jpg\" alt=\"\" class=\"wp-image-41878\"\/><\/figure>\n\n\n\n<figure class=\"wp-block-image size-large\"><img loading=\"lazy\" width=\"1024\" height=\"472\" data-id=\"41871\"  src=\"https:\/\/www.obispado-mdp.org.ar\/a\/wp-content\/uploads\/2023\/10\/16ef2b6e-df0a-4274-8b97-4017520e420b-1024x472.jpg\" alt=\"\" class=\"wp-image-41871\"\/><\/figure>\n\n\n\n<figure class=\"wp-block-image size-large\"><img loading=\"lazy\" width=\"1024\" height=\"768\" data-id=\"41882\"  src=\"https:\/\/www.obispado-mdp.org.ar\/a\/wp-content\/uploads\/2023\/10\/20c521aa-ad0c-48ec-8185-a599284b2667-1024x768.jpg\" alt=\"\" class=\"wp-image-41882\"\/><\/figure>\n\n\n\n<figure class=\"wp-block-image size-large\"><img loading=\"lazy\" width=\"768\" height=\"1024\" data-id=\"41872\"  src=\"https:\/\/www.obispado-mdp.org.ar\/a\/wp-content\/uploads\/2023\/10\/59e58541-afcc-47f6-9598-de8806b803a7-768x1024.jpg\" alt=\"\" class=\"wp-image-41872\"\/><\/figure>\n\n\n\n<figure class=\"wp-block-image size-large\"><img loading=\"lazy\" width=\"1024\" height=\"768\" data-id=\"41874\"  src=\"https:\/\/www.obispado-mdp.org.ar\/a\/wp-content\/uploads\/2023\/10\/150208d6-7096-4442-ac9e-54d790bfe630-1024x768.jpg\" alt=\"\" class=\"wp-image-41874\"\/><\/figure>\n\n\n\n<figure class=\"wp-block-image size-large\"><img loading=\"lazy\" width=\"1024\" height=\"768\" data-id=\"41883\"  src=\"https:\/\/www.obispado-mdp.org.ar\/a\/wp-content\/uploads\/2023\/10\/838173de-1c99-459e-b4a0-bd658366ae2b-1024x768.jpg\" alt=\"\" class=\"wp-image-41883\"\/><\/figure>\n\n\n\n<figure class=\"wp-block-image size-large\"><img loading=\"lazy\" width=\"1024\" height=\"768\" data-id=\"41873\"  src=\"https:\/\/www.obispado-mdp.org.ar\/a\/wp-content\/uploads\/2023\/10\/7909769c-e329-4f0e-b042-d78dd67cc894-1024x768.jpg\" alt=\"\" class=\"wp-image-41873\"\/><\/figure>\n\n\n\n<figure class=\"wp-block-image size-large\"><img loading=\"lazy\" width=\"768\" height=\"1024\" data-id=\"41875\"  src=\"https:\/\/www.obispado-mdp.org.ar\/a\/wp-content\/uploads\/2023\/10\/a67a846d-3080-46ee-8a2b-ace4fd51304b-768x1024.jpg\" alt=\"\" class=\"wp-image-41875\"\/><\/figure>\n\n\n\n<figure class=\"wp-block-image size-large\"><img loading=\"lazy\" width=\"768\" height=\"1024\" data-id=\"41881\"  src=\"https:\/\/www.obispado-mdp.org.ar\/a\/wp-content\/uploads\/2023\/10\/c2ac8af3-8540-4367-9f53-35a25ec1aeca-768x1024.jpg\" alt=\"\" class=\"wp-image-41881\"\/><\/figure>\n\n\n\n<figure class=\"wp-block-image size-large\"><img loading=\"lazy\" width=\"768\" height=\"1024\" data-id=\"41876\"  src=\"https:\/\/www.obispado-mdp.org.ar\/a\/wp-content\/uploads\/2023\/10\/e7baefd4-31e2-4295-97cc-39e5667505b8-768x1024.jpg\" alt=\"\" class=\"wp-image-41876\"\/><\/figure>\n\n\n\n<figure class=\"wp-block-image size-large\"><img loading=\"lazy\" width=\"1024\" height=\"768\" data-id=\"41880\"  src=\"https:\/\/www.obispado-mdp.org.ar\/a\/wp-content\/uploads\/2023\/10\/f721c9ba-53e2-4e47-bb00-0af9ddc92f5c-1024x768.jpg\" alt=\"\" class=\"wp-image-41880\"\/><\/figure>\n<\/figure>\n","protected":false},"excerpt":{"rendered":"<p>Los vecinos de las Comunidades de Base del Sur vivieron hoy los 25 a\u00f1os de la peregrinaci\u00f3n de la Virgen de Luj\u00e1n de Chapadmalal. La peregrinaci\u00f3n se inicio en la Capilla Nuestra Se\u00f1ora de los Angeles de la parroquia padre Pio de Pietrelcina. La peregrinaci\u00f3n continu\u00f3 hasta la capilla Nuesta Se\u00f1ora de Luj\u00e1n de Chapadmalal.Hace [&hellip;]<\/p>\n","protected":false},"author":4,"featured_media":41885,"comment_status":"open","ping_status":"open","sticky":false,"template":"","format":"standard","meta":{"_et_pb_use_builder":"","_et_pb_old_content":"","_et_gb_content_width":""},"categories":[4],"tags":[],"aioseo_notices":[],"_links":{"self":[{"href":"https:\/\/www.obispado-mdp.org.ar\/a\/wp-json\/wp\/v2\/posts\/41870"}],"collection":[{"href":"https:\/\/www.obispado-mdp.org.ar\/a\/wp-json\/wp\/v2\/posts"}],"about":[{"href":"https:\/\/www.obispado-mdp.org.ar\/a\/wp-json\/wp\/v2\/types\/post"}],"author":[{"embeddable":true,"href":"https:\/\/www.obispado-mdp.org.ar\/a\/wp-json\/wp\/v2\/users\/4"}],"replies":[{"embeddable":true,"href":"https:\/\/www.obispado-mdp.org.ar\/a\/wp-json\/wp\/v2\/comments?post=41870"}],"version-history":[{"count":4,"href":"https:\/\/www.obispado-mdp.org.ar\/a\/wp-json\/wp\/v2\/posts\/41870\/revisions"}],"predecessor-version":[{"id":41889,"href":"https:\/\/www.obispado-mdp.org.ar\/a\/wp-json\/wp\/v2\/posts\/41870\/revisions\/41889"}],"wp:featuredmedia":[{"embeddable":true,"href":"https:\/\/www.obispado-mdp.org.ar\/a\/wp-json\/wp\/v2\/media\/41885"}],"wp:attachment":[{"href":"https:\/\/www.obispado-mdp.org.ar\/a\/wp-json\/wp\/v2\/media?parent=41870"}],"wp:term":[{"taxonomy":"category","embeddable":true,"href":"https:\/\/www.obispado-mdp.org.ar\/a\/wp-json\/wp\/v2\/categories?post=41870"},{"taxonomy":"post_tag","embeddable":true,"href":"https:\/\/www.obispado-mdp.org.ar\/a\/wp-json\/wp\/v2\/tags?post=41870"}],"curies":[{"name":"wp","href":"https:\/\/api.w.org\/{rel}","templated":true}]}}