{"id":41897,"date":"2023-10-11T15:59:17","date_gmt":"2023-10-11T18:59:17","guid":{"rendered":"https:\/\/www.obispado-mdp.org.ar\/a\/?p=41897"},"modified":"2023-10-11T15:59:26","modified_gmt":"2023-10-11T18:59:26","slug":"encuentro-proyecto-de-vida","status":"publish","type":"post","link":"https:\/\/www.obispado-mdp.org.ar\/a\/encuentro-proyecto-de-vida\/","title":{"rendered":"ENCUENTRO PROYECTO DE VIDA"},"content":{"rendered":"\n<p class=\"has-pale-cyan-blue-background-color has-background\"><strong>Del 6 al 8 de octubre se realiz\u00f3 el retiro \u00abProyecto de Vida\u00bb que organiza todos los a\u00f1os la Pastoral Vocacio<\/strong>nal.<\/p>\n\n\n\n<p><br>En esta ocasi\u00f3n fue llevado a cabo en el Colegio Don Bosco de la ciudad de Pir\u00e1n, en el que participaron 16 j\u00f3venes de distintas comunidades de nuestra Di\u00f3cesis, buscando profundizar en el discernimiento de su vocaci\u00f3n.<br>Agradecemos al equipo y a toda la Pastoral Vocacional, que en su diversidad de dones aporto lo necesario para que puede llevarse a adelante este encuentro.<br>Seguimos rezando por el proyecto de vida de cada uno de los j\u00f3venes de nuestra Iglesia.<\/p>\n\n\n\n<figure class=\"wp-container-2 wp-block-gallery-1 wp-block-gallery has-nested-images columns-default is-cropped\">\n<figure class=\"wp-block-image size-large\"><img loading=\"lazy\" width=\"900\" height=\"900\" data-id=\"41906\"  src=\"https:\/\/www.obispado-mdp.org.ar\/a\/wp-content\/uploads\/2023\/10\/2dad3242-4ce2-427c-8fdf-c665352aa82f.jpg\" alt=\"\" class=\"wp-image-41906\"\/><\/figure>\n\n\n\n<figure class=\"wp-block-image size-large\"><img loading=\"lazy\" width=\"1024\" height=\"1024\" data-id=\"41901\"  src=\"https:\/\/www.obispado-mdp.org.ar\/a\/wp-content\/uploads\/2023\/10\/3c7e1df4-50ed-43d3-87d2-beca8a966804-1024x1024.jpg\" alt=\"\" class=\"wp-image-41901\"\/><\/figure>\n\n\n\n<figure class=\"wp-block-image size-large\"><img loading=\"lazy\" width=\"1024\" height=\"1024\" data-id=\"41902\"  src=\"https:\/\/www.obispado-mdp.org.ar\/a\/wp-content\/uploads\/2023\/10\/0c6dabc3-d4d1-41b9-8e7d-9edd6629f31c-1024x1024.jpg\" alt=\"\" class=\"wp-image-41902\"\/><\/figure>\n\n\n\n<figure class=\"wp-block-image size-large\"><img loading=\"lazy\" width=\"899\" height=\"899\" data-id=\"41900\"  src=\"https:\/\/www.obispado-mdp.org.ar\/a\/wp-content\/uploads\/2023\/10\/8e8d45ec-9ae3-484a-8f5e-38ad72f5542a.jpg\" alt=\"\" class=\"wp-image-41900\"\/><\/figure>\n\n\n\n<figure class=\"wp-block-image size-large\"><img loading=\"lazy\" width=\"1024\" height=\"1024\" data-id=\"41903\"  src=\"https:\/\/www.obispado-mdp.org.ar\/a\/wp-content\/uploads\/2023\/10\/27763eb1-2c88-4622-a330-ae00502e95d6-1024x1024.jpg\" alt=\"\" class=\"wp-image-41903\"\/><\/figure>\n\n\n\n<figure class=\"wp-block-image size-large\"><img loading=\"lazy\" width=\"1024\" height=\"1024\" data-id=\"41908\"  src=\"https:\/\/www.obispado-mdp.org.ar\/a\/wp-content\/uploads\/2023\/10\/30131683-aaa3-42d5-b4f1-25f5b04d130c-1024x1024.jpg\" alt=\"\" class=\"wp-image-41908\"\/><\/figure>\n\n\n\n<figure class=\"wp-block-image size-large\"><img loading=\"lazy\" width=\"900\" height=\"900\" data-id=\"41898\"  src=\"https:\/\/www.obispado-mdp.org.ar\/a\/wp-content\/uploads\/2023\/10\/a219cda8-5c0f-48be-b36a-6fe0119b2998.jpg\" alt=\"\" class=\"wp-image-41898\"\/><\/figure>\n\n\n\n<figure class=\"wp-block-image size-large\"><img loading=\"lazy\" width=\"1024\" height=\"1024\" data-id=\"41904\"  src=\"https:\/\/www.obispado-mdp.org.ar\/a\/wp-content\/uploads\/2023\/10\/d3fe661a-d72a-4de4-8d2f-ef9f5ecb6538-1024x1024.jpg\" alt=\"\" class=\"wp-image-41904\"\/><\/figure>\n\n\n\n<figure class=\"wp-block-image size-large\"><img loading=\"lazy\" width=\"1024\" height=\"1024\" data-id=\"41905\"  src=\"https:\/\/www.obispado-mdp.org.ar\/a\/wp-content\/uploads\/2023\/10\/d4a27a99-f5c2-4d68-858d-04ecb3e2e018-1024x1024.jpg\" alt=\"\" class=\"wp-image-41905\"\/><\/figure>\n<\/figure>\n","protected":false},"excerpt":{"rendered":"<p>Del 6 al 8 de octubre se realiz\u00f3 el retiro \u00abProyecto de Vida\u00bb que organiza todos los a\u00f1os la Pastoral Vocacional. En esta ocasi\u00f3n fue llevado a cabo en el Colegio Don Bosco de la ciudad de Pir\u00e1n, en el que participaron 16 j\u00f3venes de distintas comunidades de nuestra Di\u00f3cesis, buscando profundizar en el discernimiento [&hellip;]<\/p>\n","protected":false},"author":4,"featured_media":41907,"comment_status":"open","ping_status":"open","sticky":false,"template":"","format":"standard","meta":{"_et_pb_use_builder":"","_et_pb_old_content":"","_et_gb_content_width":""},"categories":[4],"tags":[],"aioseo_notices":[],"_links":{"self":[{"href":"https:\/\/www.obispado-mdp.org.ar\/a\/wp-json\/wp\/v2\/posts\/41897"}],"collection":[{"href":"https:\/\/www.obispado-mdp.org.ar\/a\/wp-json\/wp\/v2\/posts"}],"about":[{"href":"https:\/\/www.obispado-mdp.org.ar\/a\/wp-json\/wp\/v2\/types\/post"}],"author":[{"embeddable":true,"href":"https:\/\/www.obispado-mdp.org.ar\/a\/wp-json\/wp\/v2\/users\/4"}],"replies":[{"embeddable":true,"href":"https:\/\/www.obispado-mdp.org.ar\/a\/wp-json\/wp\/v2\/comments?post=41897"}],"version-history":[{"count":1,"href":"https:\/\/www.obispado-mdp.org.ar\/a\/wp-json\/wp\/v2\/posts\/41897\/revisions"}],"predecessor-version":[{"id":41909,"href":"https:\/\/www.obispado-mdp.org.ar\/a\/wp-json\/wp\/v2\/posts\/41897\/revisions\/41909"}],"wp:featuredmedia":[{"embeddable":true,"href":"https:\/\/www.obispado-mdp.org.ar\/a\/wp-json\/wp\/v2\/media\/41907"}],"wp:attachment":[{"href":"https:\/\/www.obispado-mdp.org.ar\/a\/wp-json\/wp\/v2\/media?parent=41897"}],"wp:term":[{"taxonomy":"category","embeddable":true,"href":"https:\/\/www.obispado-mdp.org.ar\/a\/wp-json\/wp\/v2\/categories?post=41897"},{"taxonomy":"post_tag","embeddable":true,"href":"https:\/\/www.obispado-mdp.org.ar\/a\/wp-json\/wp\/v2\/tags?post=41897"}],"curies":[{"name":"wp","href":"https:\/\/api.w.org\/{rel}","templated":true}]}}