{"id":41910,"date":"2023-10-12T12:23:32","date_gmt":"2023-10-12T15:23:32","guid":{"rendered":"https:\/\/www.obispado-mdp.org.ar\/a\/?p=41910"},"modified":"2023-10-12T16:29:44","modified_gmt":"2023-10-12T19:29:44","slug":"el-colegio-fasta-gano-la-copa-juan-pablo-segundo","status":"publish","type":"post","link":"https:\/\/www.obispado-mdp.org.ar\/a\/el-colegio-fasta-gano-la-copa-juan-pablo-segundo\/","title":{"rendered":"EL COLEGIO FASTA GANO LA COPA \u201cJUAN PABLO SEGUNDO\u201d."},"content":{"rendered":"\n<p class=\"has-pale-cyan-blue-background-color has-background\"><strong>Con la presencia del administrador diocesano, Pbro. Luis Alb\u00f3niga se realiz\u00f3 el acto de clausura y entrega de premios del 17\u00ba Encuentro Deportivo y Cultural de Colegios Cat\u00f3licos \u201cCOPA JUAN PABLO II\u201d. Colegio FASTA se llev\u00f3 el premio por el mejor desempe\u00f1o 2023.<\/strong><\/p>\n\n\n\n<p>En las instalaciones del Colegio Stella Maris se llev\u00f3 a cabo la ceremonia de premiaci\u00f3n de la competencia estudiantil que se realiz\u00f3 durante septiembre bajo el lema \u201cSean protagonistas de una historia que les pertenece\u201d de la que participaron colegios cat\u00f3licos de la di\u00f3cesis en competiciones en las distintas categor\u00edas: Futbol sala, Atletismo, Hanbal, Voley, Coreograf\u00eda, Ajedrez En el \u00c1rea Cultural: Teatro, M\u00fasica, Dibujo y Pintura, Literatura Poes\u00eda y Narrativa.<\/p>\n\n\n\n<p>En el acto clausura se encontraban presentes junto al administrador diocesano, Pbro. Luis Alb\u00f3niga, el presidente de JUREC Javier S\u00e1nchez; el Delegado Episcopal Pbro. Juan Cruz Mennilli y miembros de la Junta: Silvina Zahid, Graciela Manilla, Jorge Gonz\u00e1lez Bande y Gabriel Lazzari; y el Vicerrector de la EUT, Prof Rub\u00e9n Primo Fernandez.<\/p>\n\n\n\n<p>La fiesta de premiaci\u00f3n fue seguida con mucho inter\u00e9s por los j\u00f3venes que luego disfrutaron una velada de actuaciones art\u00edsticas y musicales.<\/p>\n\n\n\n<p>Escuelas Participantes<\/p>\n\n\n\n<p>\u25cf&nbsp;&nbsp;&nbsp;&nbsp;&nbsp;&nbsp;&nbsp;&nbsp;&nbsp;&nbsp;&nbsp;&nbsp; La Sagrada Familia<\/p>\n\n\n\n<ul><li>&nbsp;&nbsp;&nbsp;&nbsp;&nbsp;Ana Bottger<\/li><\/ul>\n\n\n\n<p>\u25cf&nbsp;&nbsp;&nbsp;&nbsp;&nbsp;&nbsp;&nbsp;&nbsp;&nbsp;&nbsp;&nbsp;&nbsp; Santa Cecilia<\/p>\n\n\n\n<p>\u25cf\u00a0\u00a0\u00a0\u00a0\u00a0\u00a0\u00a0\u00a0\u00a0\u00a0\u00a0\u00a0 San Antonio<\/p>\n\n\n\n<ul><li>  Ant\u00e1rtida Argentina<\/li><\/ul>\n\n\n\n<p>\u25cf&nbsp;&nbsp;&nbsp;&nbsp;&nbsp;&nbsp;&nbsp;&nbsp;&nbsp;&nbsp;&nbsp;&nbsp; Nuestra Sra. de Carmen<\/p>\n\n\n\n<p>\u25cf&nbsp;&nbsp;&nbsp;&nbsp;&nbsp;&nbsp;&nbsp;&nbsp;&nbsp;&nbsp;&nbsp;&nbsp; Nuestra Sra. del Camino<\/p>\n\n\n\n<p>\u25cf&nbsp;&nbsp;&nbsp;&nbsp;&nbsp;&nbsp;&nbsp;&nbsp;&nbsp;&nbsp;&nbsp;&nbsp; Nueva Pompeya<\/p>\n\n\n\n<p>\u25cf&nbsp;&nbsp;&nbsp;&nbsp;&nbsp;&nbsp;&nbsp;&nbsp;&nbsp;&nbsp;&nbsp;&nbsp; Jes\u00fas Obrero<\/p>\n\n\n\n<p>\u25cf&nbsp;&nbsp;&nbsp;&nbsp;&nbsp;&nbsp;&nbsp;&nbsp;&nbsp;&nbsp;&nbsp;&nbsp; FASTA<\/p>\n\n\n\n<p>\u25cf&nbsp;&nbsp;&nbsp;&nbsp;&nbsp;&nbsp;&nbsp;&nbsp;&nbsp;&nbsp;&nbsp;&nbsp; San Agust\u00edn<\/p>\n\n\n\n<p>\u25cf&nbsp;&nbsp;&nbsp;&nbsp;&nbsp;&nbsp;&nbsp;&nbsp;&nbsp;&nbsp;&nbsp;&nbsp; San Antonio Mar\u00eda Gianelli<\/p>\n\n\n\n<p>\u25cf&nbsp;&nbsp;&nbsp;&nbsp;&nbsp;&nbsp;&nbsp;&nbsp;&nbsp;&nbsp;&nbsp;&nbsp; Stella Maris<\/p>\n\n\n\n<p>\u25cf&nbsp;&nbsp;&nbsp;&nbsp;&nbsp;&nbsp;&nbsp;&nbsp;&nbsp;&nbsp;&nbsp;&nbsp; Huinco<\/p>\n\n\n\n<p>\u25cf&nbsp;&nbsp;&nbsp;&nbsp;&nbsp;&nbsp;&nbsp;&nbsp;&nbsp;&nbsp;&nbsp;&nbsp; Peralta Ramos<\/p>\n\n\n\n<p>\u25cf&nbsp;&nbsp;&nbsp;&nbsp;&nbsp;&nbsp;&nbsp;&nbsp;&nbsp;&nbsp;&nbsp;&nbsp; Juan 23 (Mechongu\u00e9)<\/p>\n\n\n\n<p>\u25cf&nbsp;&nbsp;&nbsp;&nbsp;&nbsp;&nbsp;&nbsp;&nbsp;&nbsp;&nbsp;&nbsp;&nbsp; Instituto Pio XII (Necochea)<\/p>\n\n\n\n<p>\u25cf&nbsp;&nbsp;&nbsp;&nbsp;&nbsp;&nbsp;&nbsp;&nbsp;&nbsp;&nbsp;&nbsp;&nbsp; Nuestra Sra. de Luj\u00e1n (Bat\u00e1n)<\/p>\n\n\n\n<p>\u25cf&nbsp;&nbsp;&nbsp;&nbsp;&nbsp;&nbsp;&nbsp;&nbsp;&nbsp;&nbsp;&nbsp;&nbsp; Santa Rosa de Lima<\/p>\n\n\n\n<p>\u25cf&nbsp;&nbsp;&nbsp;&nbsp;&nbsp;&nbsp;&nbsp;&nbsp;&nbsp;&nbsp;&nbsp;&nbsp; Emilio Lamarca<\/p>\n\n\n\n<p>\u25cf&nbsp;&nbsp;&nbsp;&nbsp;&nbsp;&nbsp;&nbsp;&nbsp;&nbsp;&nbsp;&nbsp;&nbsp; San Miguel Arc\u00e1ngel<\/p>\n\n\n\n<p>\u25cf&nbsp;&nbsp;&nbsp;&nbsp;&nbsp;&nbsp;&nbsp;&nbsp;&nbsp;&nbsp;&nbsp;&nbsp; Nuestra Se\u00f1ora de F\u00e1tima<\/p>\n\n\n\n<p>\u25cf&nbsp;&nbsp;&nbsp;&nbsp;&nbsp;&nbsp;&nbsp;&nbsp;&nbsp;&nbsp;&nbsp;&nbsp; Nuestra Sra. Del Rosario<\/p>\n\n\n\n<p>\u25cf&nbsp;&nbsp;&nbsp;&nbsp;&nbsp;&nbsp;&nbsp;&nbsp;&nbsp;&nbsp;&nbsp;&nbsp; Divina Pastora Lober\u00eda<\/p>\n\n\n\n<p>ENTREGA DE LAS COPAS<\/p>\n\n\n\n<p>Los colegios que recibieron premiaciones por la suma de puntajes de las distintas disciplinas fueron:<\/p>\n\n\n\n<ol type=\"1\"><li>GANADOR NUEVA COPA JUAN PABLO II 2023, el COLEGIO FASTA con 547 puntos.<\/li><li>COPA SIERVO DE DIOS CARDENAL EDUARDO PIRONIO, el COLEGIO SAN ANTONIO con 539 puntos.<\/li><li>COPA MONSE\u00d1OR ENRIQUE RAU, el COLEGIO SAN AGUST\u00cdN con 372 puntos.<\/li><li>COPA MONSE\u00d1OR R\u00d3MULO GARC\u00cdA, el COLEGIO ANA BOTTGHER de Gesell con 111 puntos.<\/li><\/ol>\n\n\n\n<figure class=\"wp-container-2 wp-block-gallery-1 wp-block-gallery has-nested-images columns-default is-cropped\">\n<figure class=\"wp-block-image size-large\"><img loading=\"lazy\" width=\"1024\" height=\"682\" data-id=\"41921\"  src=\"https:\/\/www.obispado-mdp.org.ar\/a\/wp-content\/uploads\/2023\/10\/2eff798a-9ea8-4415-99bf-5ce10b2b271b-1024x682.jpg\" alt=\"\" class=\"wp-image-41921\"\/><\/figure>\n\n\n\n<figure class=\"wp-block-image size-large\"><img loading=\"lazy\" width=\"1024\" height=\"682\" data-id=\"41916\"  src=\"https:\/\/www.obispado-mdp.org.ar\/a\/wp-content\/uploads\/2023\/10\/3a430f33-73f8-473d-9122-55f06ff3f8c9-1024x682.jpg\" alt=\"\" class=\"wp-image-41916\"\/><\/figure>\n\n\n\n<figure class=\"wp-block-image size-large\"><img loading=\"lazy\" width=\"1024\" height=\"682\" data-id=\"41912\"  src=\"https:\/\/www.obispado-mdp.org.ar\/a\/wp-content\/uploads\/2023\/10\/07b587e9-44a6-4d37-8f26-262c4abe5c2e-copia-1024x682.jpg\" alt=\"\" class=\"wp-image-41912\"\/><\/figure>\n\n\n\n<figure class=\"wp-block-image size-large\"><img loading=\"lazy\" width=\"1024\" height=\"682\" data-id=\"41920\"  src=\"https:\/\/www.obispado-mdp.org.ar\/a\/wp-content\/uploads\/2023\/10\/15fe22bb-2cb7-4e7a-8a89-31290bec540d-1024x682.jpg\" alt=\"\" class=\"wp-image-41920\"\/><\/figure>\n\n\n\n<figure class=\"wp-block-image size-large\"><img loading=\"lazy\" width=\"1024\" height=\"682\" data-id=\"41919\"  src=\"https:\/\/www.obispado-mdp.org.ar\/a\/wp-content\/uploads\/2023\/10\/020c773f-ec9f-40b8-9192-6eb097de664a-copia-1024x682.jpg\" alt=\"\" class=\"wp-image-41919\"\/><\/figure>\n\n\n\n<figure class=\"wp-block-image size-large\"><img loading=\"lazy\" width=\"1024\" height=\"682\" data-id=\"41918\"  src=\"https:\/\/www.obispado-mdp.org.ar\/a\/wp-content\/uploads\/2023\/10\/24c56d37-1134-49a6-9b7e-2d76c0ceea3e-1024x682.jpg\" alt=\"\" class=\"wp-image-41918\"\/><\/figure>\n\n\n\n<figure class=\"wp-block-image size-large\"><img loading=\"lazy\" width=\"682\" height=\"1024\" data-id=\"41914\"  src=\"https:\/\/www.obispado-mdp.org.ar\/a\/wp-content\/uploads\/2023\/10\/8609ed29-9781-46f4-9176-7af1770b9aca-682x1024.jpg\" alt=\"\" class=\"wp-image-41914\"\/><\/figure>\n\n\n\n<figure class=\"wp-block-image size-large\"><img loading=\"lazy\" width=\"1024\" height=\"682\" data-id=\"41913\"  src=\"https:\/\/www.obispado-mdp.org.ar\/a\/wp-content\/uploads\/2023\/10\/92411fbb-c3e7-4c0c-bb00-c42f321a4727-1024x682.jpg\" alt=\"\" class=\"wp-image-41913\"\/><\/figure>\n\n\n\n<figure class=\"wp-block-image size-large\"><img loading=\"lazy\" width=\"1024\" height=\"682\" data-id=\"41911\"  src=\"https:\/\/www.obispado-mdp.org.ar\/a\/wp-content\/uploads\/2023\/10\/959261bb-6272-4d18-a4b8-3421885ff08a-1024x682.jpg\" alt=\"\" class=\"wp-image-41911\"\/><\/figure>\n\n\n\n<figure class=\"wp-block-image size-large\"><img loading=\"lazy\" width=\"1024\" height=\"682\" data-id=\"41917\"  src=\"https:\/\/www.obispado-mdp.org.ar\/a\/wp-content\/uploads\/2023\/10\/a65e7a1f-e90b-4eec-ac2f-1d421722c80a-1024x682.jpg\" alt=\"\" class=\"wp-image-41917\"\/><\/figure>\n\n\n\n<figure class=\"wp-block-image size-large\"><img loading=\"lazy\" width=\"1024\" height=\"682\" data-id=\"41915\"  src=\"https:\/\/www.obispado-mdp.org.ar\/a\/wp-content\/uploads\/2023\/10\/ac31da82-4ecc-42b6-adb7-92ace4da2f41-1024x682.jpg\" alt=\"\" class=\"wp-image-41915\"\/><\/figure>\n<\/figure>\n","protected":false},"excerpt":{"rendered":"<p>Con la presencia del administrador diocesano, Pbro. Luis Alb\u00f3niga se realiz\u00f3 el acto de clausura y entrega de premios del 17\u00ba Encuentro Deportivo y Cultural de Colegios Cat\u00f3licos \u201cCOPA JUAN PABLO II\u201d. Colegio FASTA se llev\u00f3 el premio por el mejor desempe\u00f1o 2023. En las instalaciones del Colegio Stella Maris se llev\u00f3 a cabo la [&hellip;]<\/p>\n","protected":false},"author":4,"featured_media":41922,"comment_status":"open","ping_status":"open","sticky":false,"template":"","format":"standard","meta":{"_et_pb_use_builder":"","_et_pb_old_content":"","_et_gb_content_width":""},"categories":[7],"tags":[],"aioseo_notices":[],"_links":{"self":[{"href":"https:\/\/www.obispado-mdp.org.ar\/a\/wp-json\/wp\/v2\/posts\/41910"}],"collection":[{"href":"https:\/\/www.obispado-mdp.org.ar\/a\/wp-json\/wp\/v2\/posts"}],"about":[{"href":"https:\/\/www.obispado-mdp.org.ar\/a\/wp-json\/wp\/v2\/types\/post"}],"author":[{"embeddable":true,"href":"https:\/\/www.obispado-mdp.org.ar\/a\/wp-json\/wp\/v2\/users\/4"}],"replies":[{"embeddable":true,"href":"https:\/\/www.obispado-mdp.org.ar\/a\/wp-json\/wp\/v2\/comments?post=41910"}],"version-history":[{"count":3,"href":"https:\/\/www.obispado-mdp.org.ar\/a\/wp-json\/wp\/v2\/posts\/41910\/revisions"}],"predecessor-version":[{"id":41926,"href":"https:\/\/www.obispado-mdp.org.ar\/a\/wp-json\/wp\/v2\/posts\/41910\/revisions\/41926"}],"wp:featuredmedia":[{"embeddable":true,"href":"https:\/\/www.obispado-mdp.org.ar\/a\/wp-json\/wp\/v2\/media\/41922"}],"wp:attachment":[{"href":"https:\/\/www.obispado-mdp.org.ar\/a\/wp-json\/wp\/v2\/media?parent=41910"}],"wp:term":[{"taxonomy":"category","embeddable":true,"href":"https:\/\/www.obispado-mdp.org.ar\/a\/wp-json\/wp\/v2\/categories?post=41910"},{"taxonomy":"post_tag","embeddable":true,"href":"https:\/\/www.obispado-mdp.org.ar\/a\/wp-json\/wp\/v2\/tags?post=41910"}],"curies":[{"name":"wp","href":"https:\/\/api.w.org\/{rel}","templated":true}]}}