{"id":41927,"date":"2023-10-13T08:48:49","date_gmt":"2023-10-13T11:48:49","guid":{"rendered":"https:\/\/www.obispado-mdp.org.ar\/a\/?p=41927"},"modified":"2023-10-13T08:49:46","modified_gmt":"2023-10-13T11:49:46","slug":"30-anos-de-los-encuentros-de-evangelizacion-de-santo-cura-brochero","status":"publish","type":"post","link":"https:\/\/www.obispado-mdp.org.ar\/a\/30-anos-de-los-encuentros-de-evangelizacion-de-santo-cura-brochero\/","title":{"rendered":"30 A\u00d1OS DE LOS ENCUENTROS DE EVANGELIZACI\u00d3N DE SANTO CURA BROCHERO."},"content":{"rendered":"\n<p class=\"has-pale-cyan-blue-background-color has-background\"><strong>Los miembros de la comunidad de la casa Santo Cura Brochero festejaron los 30 a\u00f1os de los Encuentros de evangelizaci\u00f3n en la di\u00f3cesis.<\/strong><\/p>\n\n\n\n<p>Se cumplieron 30 a\u00f1os del primer encuentro en Mar del Plata en nuestra amada casa en la avenida Col\u00f3n al 10.190.<\/p>\n\n\n\n<p>En aquellos tiempos iniciales se realizaban solo dos encuentros para hombres y otros dos para mujeres.<\/p>\n\n\n\n<p>Actualmente se realizan encuentros para matrimonios, personas con discapacidad, para j\u00f3venes mujeres y j\u00f3venes varones, para ni\u00f1os que es mixto, hasta hay encuentro de servidores que se realiza a principios de a\u00f1o para prepararse para los encuentros del a\u00f1o.<\/p>\n\n\n\n<p>Y este a\u00f1o se empieza con el encuentro para adultos mayores que va a ser mixto.<\/p>\n\n\n\n<p>Muchas personas pasaron por esos muros benditos que hasta el d\u00eda de hoy los seguimos viendo y muchos otros est\u00e1n en nuestros corazones.<\/p>\n\n\n\n<p>Muchos amigos sacerdotes fueron pioneros de esta gran casa de evangelizaci\u00f3n popular como Luis Mar\u00eda Ocampo y Daniel Climente, al d\u00eda de hoy nos acompa\u00f1a el padre Fabi\u00e1n Yanes.<\/p>\n\n\n\n<p>Algo que rescatamos siempre al estar en esta casa con nuestro Santo argentino, son tres puntitos: La entrega, el amor y el servicio al hermano.<\/p>\n\n\n\n<p>Viva Brochero!<\/p>\n\n\n\n<figure class=\"wp-container-2 wp-block-gallery-1 wp-block-gallery has-nested-images columns-default is-cropped\">\n<figure class=\"wp-block-image size-large\"><img loading=\"lazy\" width=\"1024\" height=\"753\" data-id=\"41929\"  src=\"https:\/\/www.obispado-mdp.org.ar\/a\/wp-content\/uploads\/2023\/10\/0c0998c7-8ef0-42fa-98fd-df5687605da0-1024x753.jpg\" alt=\"\" class=\"wp-image-41929\"\/><\/figure>\n\n\n\n<figure class=\"wp-block-image size-large\"><img loading=\"lazy\" width=\"1024\" height=\"742\" data-id=\"41928\"  src=\"https:\/\/www.obispado-mdp.org.ar\/a\/wp-content\/uploads\/2023\/10\/2e3d7527-fea6-4e75-82ee-382fd1e83789-1024x742.jpg\" alt=\"\" class=\"wp-image-41928\"\/><\/figure>\n\n\n\n<figure class=\"wp-block-image size-large\"><img loading=\"lazy\" width=\"691\" height=\"1024\" data-id=\"41931\"  src=\"https:\/\/www.obispado-mdp.org.ar\/a\/wp-content\/uploads\/2023\/10\/03e4f36d-a4b0-43ec-b891-eb8ee8cebbb5-691x1024.jpg\" alt=\"\" class=\"wp-image-41931\"\/><\/figure>\n\n\n\n<figure class=\"wp-block-image size-large\"><img loading=\"lazy\" width=\"1024\" height=\"589\" data-id=\"41932\"  src=\"https:\/\/www.obispado-mdp.org.ar\/a\/wp-content\/uploads\/2023\/10\/c6000570-e898-4f93-9f99-132406e965e0-1024x589.jpg\" alt=\"\" class=\"wp-image-41932\"\/><\/figure>\n\n\n\n<figure class=\"wp-block-image size-large\"><img loading=\"lazy\" width=\"1024\" height=\"701\" data-id=\"41930\"  src=\"https:\/\/www.obispado-mdp.org.ar\/a\/wp-content\/uploads\/2023\/10\/c6351357-a7ff-422c-be7d-a3613af5b61c-1024x701.jpg\" alt=\"\" class=\"wp-image-41930\"\/><\/figure>\n<\/figure>\n","protected":false},"excerpt":{"rendered":"<p>Los miembros de la comunidad de la casa Santo Cura Brochero festejaron los 30 a\u00f1os de los Encuentros de evangelizaci\u00f3n en la di\u00f3cesis. Se cumplieron 30 a\u00f1os del primer encuentro en Mar del Plata en nuestra amada casa en la avenida Col\u00f3n al 10.190. En aquellos tiempos iniciales se realizaban solo dos encuentros para hombres [&hellip;]<\/p>\n","protected":false},"author":4,"featured_media":41932,"comment_status":"open","ping_status":"open","sticky":false,"template":"","format":"standard","meta":{"_et_pb_use_builder":"","_et_pb_old_content":"","_et_gb_content_width":""},"categories":[4],"tags":[],"aioseo_notices":[],"_links":{"self":[{"href":"https:\/\/www.obispado-mdp.org.ar\/a\/wp-json\/wp\/v2\/posts\/41927"}],"collection":[{"href":"https:\/\/www.obispado-mdp.org.ar\/a\/wp-json\/wp\/v2\/posts"}],"about":[{"href":"https:\/\/www.obispado-mdp.org.ar\/a\/wp-json\/wp\/v2\/types\/post"}],"author":[{"embeddable":true,"href":"https:\/\/www.obispado-mdp.org.ar\/a\/wp-json\/wp\/v2\/users\/4"}],"replies":[{"embeddable":true,"href":"https:\/\/www.obispado-mdp.org.ar\/a\/wp-json\/wp\/v2\/comments?post=41927"}],"version-history":[{"count":2,"href":"https:\/\/www.obispado-mdp.org.ar\/a\/wp-json\/wp\/v2\/posts\/41927\/revisions"}],"predecessor-version":[{"id":41935,"href":"https:\/\/www.obispado-mdp.org.ar\/a\/wp-json\/wp\/v2\/posts\/41927\/revisions\/41935"}],"wp:featuredmedia":[{"embeddable":true,"href":"https:\/\/www.obispado-mdp.org.ar\/a\/wp-json\/wp\/v2\/media\/41932"}],"wp:attachment":[{"href":"https:\/\/www.obispado-mdp.org.ar\/a\/wp-json\/wp\/v2\/media?parent=41927"}],"wp:term":[{"taxonomy":"category","embeddable":true,"href":"https:\/\/www.obispado-mdp.org.ar\/a\/wp-json\/wp\/v2\/categories?post=41927"},{"taxonomy":"post_tag","embeddable":true,"href":"https:\/\/www.obispado-mdp.org.ar\/a\/wp-json\/wp\/v2\/tags?post=41927"}],"curies":[{"name":"wp","href":"https:\/\/api.w.org\/{rel}","templated":true}]}}