{"id":41941,"date":"2023-10-13T12:34:07","date_gmt":"2023-10-13T15:34:07","guid":{"rendered":"https:\/\/www.obispado-mdp.org.ar\/a\/?p=41941"},"modified":"2023-10-13T12:34:58","modified_gmt":"2023-10-13T15:34:58","slug":"visita-a-las-comunidades-del-sur","status":"publish","type":"post","link":"https:\/\/www.obispado-mdp.org.ar\/a\/visita-a-las-comunidades-del-sur\/","title":{"rendered":"VISITA A LAS COMUNIDADES DEL SUR."},"content":{"rendered":"\n<p>El administrador diocesano, Pbro. Luis Alb\u00f3niga, visit\u00f3 esta ma\u00f1ana las comunidades del sur de Santa Rosa. All\u00ed convers\u00f3 con las personas que preparan las prepizas para el fin de semana, con las voluntarias que trabajan con los ni\u00f1os que construyen sus regalos para el d\u00eda de la madre y visit\u00f3 la obra de ampliaci\u00f3n de edificio de la comunidad.<br>Tambi\u00e9n bendijo la obra de la familia de Jos\u00e9 Mar\u00eda y Mar\u00eda Jos\u00e9 que construyen su casa con sus propias manos y la ayuda de sus vecino de la comunidad.<\/p>\n\n\n\n<figure class=\"wp-container-2 wp-block-gallery-1 wp-block-gallery has-nested-images columns-default is-cropped\">\n<figure class=\"wp-block-image size-large\"><img loading=\"lazy\" width=\"1024\" height=\"768\" data-id=\"41945\"  src=\"https:\/\/www.obispado-mdp.org.ar\/a\/wp-content\/uploads\/2023\/10\/03b80295-fc37-4a38-9c91-9d3a86913771-1024x768.jpg\" alt=\"\" class=\"wp-image-41945\"\/><\/figure>\n\n\n\n<figure class=\"wp-block-image size-large\"><img loading=\"lazy\" width=\"1024\" height=\"768\" data-id=\"41952\"  src=\"https:\/\/www.obispado-mdp.org.ar\/a\/wp-content\/uploads\/2023\/10\/4bf0ac93-c0a5-4a6c-b92a-9305bb6c0b72-1024x768.jpg\" alt=\"\" class=\"wp-image-41952\"\/><\/figure>\n\n\n\n<figure class=\"wp-block-image size-large\"><img loading=\"lazy\" width=\"1024\" height=\"768\" data-id=\"41949\"  src=\"https:\/\/www.obispado-mdp.org.ar\/a\/wp-content\/uploads\/2023\/10\/18d2372d-243f-46ae-878b-50cffb0531b0-1024x768.jpg\" alt=\"\" class=\"wp-image-41949\"\/><\/figure>\n\n\n\n<figure class=\"wp-block-image size-large\"><img loading=\"lazy\" width=\"1024\" height=\"768\" data-id=\"41954\"  src=\"https:\/\/www.obispado-mdp.org.ar\/a\/wp-content\/uploads\/2023\/10\/30b7cef7-1ac6-40dc-a298-8aa428309d84-1024x768.jpg\" alt=\"\" class=\"wp-image-41954\"\/><\/figure>\n\n\n\n<figure class=\"wp-block-image size-large\"><img loading=\"lazy\" width=\"1024\" height=\"768\" data-id=\"41946\"  src=\"https:\/\/www.obispado-mdp.org.ar\/a\/wp-content\/uploads\/2023\/10\/72ebaccf-8d95-4e15-956e-315b60b3fe61-1024x768.jpg\" alt=\"\" class=\"wp-image-41946\"\/><\/figure>\n\n\n\n<figure class=\"wp-block-image size-large\"><img loading=\"lazy\" width=\"768\" height=\"1024\" data-id=\"41951\"  src=\"https:\/\/www.obispado-mdp.org.ar\/a\/wp-content\/uploads\/2023\/10\/80ce8c72-2edf-429f-bcdd-a78141f94a01-768x1024.jpg\" alt=\"\" class=\"wp-image-41951\"\/><\/figure>\n\n\n\n<figure class=\"wp-block-image size-large\"><img loading=\"lazy\" width=\"1024\" height=\"768\" data-id=\"41953\"  src=\"https:\/\/www.obispado-mdp.org.ar\/a\/wp-content\/uploads\/2023\/10\/7821d9dc-d025-4545-80af-cabbe6fd080d-1024x768.jpg\" alt=\"\" class=\"wp-image-41953\"\/><\/figure>\n\n\n\n<figure class=\"wp-block-image size-large\"><img loading=\"lazy\" width=\"1024\" height=\"768\" data-id=\"41947\"  src=\"https:\/\/www.obispado-mdp.org.ar\/a\/wp-content\/uploads\/2023\/10\/8296dd86-78a0-4f7c-8419-0eb5bde2ef3a-1024x768.jpg\" alt=\"\" class=\"wp-image-41947\"\/><\/figure>\n\n\n\n<figure class=\"wp-block-image size-large\"><img loading=\"lazy\" width=\"768\" height=\"1024\" data-id=\"41948\"  src=\"https:\/\/www.obispado-mdp.org.ar\/a\/wp-content\/uploads\/2023\/10\/35864a06-1144-49ef-bc80-210940ca1f1b-768x1024.jpg\" alt=\"\" class=\"wp-image-41948\"\/><\/figure>\n\n\n\n<figure class=\"wp-block-image size-large\"><img loading=\"lazy\" width=\"1024\" height=\"768\" data-id=\"41944\"  src=\"https:\/\/www.obispado-mdp.org.ar\/a\/wp-content\/uploads\/2023\/10\/630318f4-753b-4538-aa6a-89e1229be2a4-1024x768.jpg\" alt=\"\" class=\"wp-image-41944\"\/><\/figure>\n\n\n\n<figure class=\"wp-block-image size-large\"><img loading=\"lazy\" width=\"1024\" height=\"768\" data-id=\"41955\"  src=\"https:\/\/www.obispado-mdp.org.ar\/a\/wp-content\/uploads\/2023\/10\/a562949f-6c63-43cc-ab5e-859d164676fa-1024x768.jpg\" alt=\"\" class=\"wp-image-41955\"\/><\/figure>\n\n\n\n<figure class=\"wp-block-image size-large\"><img loading=\"lazy\" width=\"1024\" height=\"768\" data-id=\"41950\"  src=\"https:\/\/www.obispado-mdp.org.ar\/a\/wp-content\/uploads\/2023\/10\/b0cc8029-a22e-46d7-8db3-183f70765c45-1024x768.jpg\" alt=\"\" class=\"wp-image-41950\"\/><\/figure>\n\n\n\n<figure class=\"wp-block-image size-large\"><img loading=\"lazy\" width=\"1024\" height=\"768\" data-id=\"41942\"  src=\"https:\/\/www.obispado-mdp.org.ar\/a\/wp-content\/uploads\/2023\/10\/f4d1dd96-865e-4e25-bdfe-974b4dc279b9-1024x768.jpg\" alt=\"\" class=\"wp-image-41942\"\/><\/figure>\n<\/figure>\n","protected":false},"excerpt":{"rendered":"<p>El administrador diocesano, Pbro. Luis Alb\u00f3niga, visit\u00f3 esta ma\u00f1ana las comunidades del sur de Santa Rosa. All\u00ed convers\u00f3 con las personas que preparan las prepizas para el fin de semana, con las voluntarias que trabajan con los ni\u00f1os que construyen sus regalos para el d\u00eda de la madre y visit\u00f3 la obra de ampliaci\u00f3n de [&hellip;]<\/p>\n","protected":false},"author":4,"featured_media":41945,"comment_status":"open","ping_status":"open","sticky":false,"template":"","format":"standard","meta":{"_et_pb_use_builder":"","_et_pb_old_content":"","_et_gb_content_width":""},"categories":[4],"tags":[],"aioseo_notices":[],"_links":{"self":[{"href":"https:\/\/www.obispado-mdp.org.ar\/a\/wp-json\/wp\/v2\/posts\/41941"}],"collection":[{"href":"https:\/\/www.obispado-mdp.org.ar\/a\/wp-json\/wp\/v2\/posts"}],"about":[{"href":"https:\/\/www.obispado-mdp.org.ar\/a\/wp-json\/wp\/v2\/types\/post"}],"author":[{"embeddable":true,"href":"https:\/\/www.obispado-mdp.org.ar\/a\/wp-json\/wp\/v2\/users\/4"}],"replies":[{"embeddable":true,"href":"https:\/\/www.obispado-mdp.org.ar\/a\/wp-json\/wp\/v2\/comments?post=41941"}],"version-history":[{"count":2,"href":"https:\/\/www.obispado-mdp.org.ar\/a\/wp-json\/wp\/v2\/posts\/41941\/revisions"}],"predecessor-version":[{"id":41958,"href":"https:\/\/www.obispado-mdp.org.ar\/a\/wp-json\/wp\/v2\/posts\/41941\/revisions\/41958"}],"wp:featuredmedia":[{"embeddable":true,"href":"https:\/\/www.obispado-mdp.org.ar\/a\/wp-json\/wp\/v2\/media\/41945"}],"wp:attachment":[{"href":"https:\/\/www.obispado-mdp.org.ar\/a\/wp-json\/wp\/v2\/media?parent=41941"}],"wp:term":[{"taxonomy":"category","embeddable":true,"href":"https:\/\/www.obispado-mdp.org.ar\/a\/wp-json\/wp\/v2\/categories?post=41941"},{"taxonomy":"post_tag","embeddable":true,"href":"https:\/\/www.obispado-mdp.org.ar\/a\/wp-json\/wp\/v2\/tags?post=41941"}],"curies":[{"name":"wp","href":"https:\/\/api.w.org\/{rel}","templated":true}]}}