{"id":41959,"date":"2023-10-14T11:48:43","date_gmt":"2023-10-14T14:48:43","guid":{"rendered":"https:\/\/www.obispado-mdp.org.ar\/a\/?p=41959"},"modified":"2023-10-14T11:52:37","modified_gmt":"2023-10-14T14:52:37","slug":"saludo-en-el-dia-de-la-madre","status":"publish","type":"post","link":"https:\/\/www.obispado-mdp.org.ar\/a\/saludo-en-el-dia-de-la-madre\/","title":{"rendered":"SALUDO EN EL D\u00cdA DE LA MADRE."},"content":{"rendered":"\n<p><strong>El administrador diocesano, Padre Luis Alb\u00f3niga, saluda a la madres en su d\u00eda y lo hace desde el hogar de Mar\u00eda J\u00f3se y Jos\u00e9 Mar\u00eda de las comunidades de base del sur de la ciudad de Mar del Plata.<\/strong><\/p>\n\n\n\n<figure class=\"wp-block-video\"><video controls src=\"https:\/\/www.obispado-mdp.org.ar\/a\/wp-content\/uploads\/2023\/10\/saludo-dia-de-la-Madre-Luis-Alboniga-baja.mp4\"><\/video><\/figure>\n","protected":false},"excerpt":{"rendered":"<p>El administrador diocesano, Padre Luis Alb\u00f3niga, saluda a la madres en su d\u00eda y lo hace desde el hogar de Mar\u00eda J\u00f3se y Jos\u00e9 Mar\u00eda de las comunidades de base del sur de la ciudad de Mar del Plata.<\/p>\n","protected":false},"author":4,"featured_media":41963,"comment_status":"open","ping_status":"open","sticky":false,"template":"","format":"standard","meta":{"_et_pb_use_builder":"","_et_pb_old_content":"","_et_gb_content_width":""},"categories":[3,4],"tags":[],"aioseo_notices":[],"_links":{"self":[{"href":"https:\/\/www.obispado-mdp.org.ar\/a\/wp-json\/wp\/v2\/posts\/41959"}],"collection":[{"href":"https:\/\/www.obispado-mdp.org.ar\/a\/wp-json\/wp\/v2\/posts"}],"about":[{"href":"https:\/\/www.obispado-mdp.org.ar\/a\/wp-json\/wp\/v2\/types\/post"}],"author":[{"embeddable":true,"href":"https:\/\/www.obispado-mdp.org.ar\/a\/wp-json\/wp\/v2\/users\/4"}],"replies":[{"embeddable":true,"href":"https:\/\/www.obispado-mdp.org.ar\/a\/wp-json\/wp\/v2\/comments?post=41959"}],"version-history":[{"count":2,"href":"https:\/\/www.obispado-mdp.org.ar\/a\/wp-json\/wp\/v2\/posts\/41959\/revisions"}],"predecessor-version":[{"id":41964,"href":"https:\/\/www.obispado-mdp.org.ar\/a\/wp-json\/wp\/v2\/posts\/41959\/revisions\/41964"}],"wp:featuredmedia":[{"embeddable":true,"href":"https:\/\/www.obispado-mdp.org.ar\/a\/wp-json\/wp\/v2\/media\/41963"}],"wp:attachment":[{"href":"https:\/\/www.obispado-mdp.org.ar\/a\/wp-json\/wp\/v2\/media?parent=41959"}],"wp:term":[{"taxonomy":"category","embeddable":true,"href":"https:\/\/www.obispado-mdp.org.ar\/a\/wp-json\/wp\/v2\/categories?post=41959"},{"taxonomy":"post_tag","embeddable":true,"href":"https:\/\/www.obispado-mdp.org.ar\/a\/wp-json\/wp\/v2\/tags?post=41959"}],"curies":[{"name":"wp","href":"https:\/\/api.w.org\/{rel}","templated":true}]}}