{"id":41967,"date":"2023-10-14T17:51:20","date_gmt":"2023-10-14T20:51:20","guid":{"rendered":"https:\/\/www.obispado-mdp.org.ar\/a\/?p=41967"},"modified":"2023-10-14T17:51:28","modified_gmt":"2023-10-14T20:51:28","slug":"fiesta-de-nuestra-senora-de-schoenstatt","status":"publish","type":"post","link":"https:\/\/www.obispado-mdp.org.ar\/a\/fiesta-de-nuestra-senora-de-schoenstatt\/","title":{"rendered":"FIESTA DE NUESTRA SE\u00d1ORA DE SCHOENSTATT."},"content":{"rendered":"\n<p class=\"has-pale-cyan-blue-background-color has-background\"><strong>En el marco de una soleada jornada de primavera se celebr\u00f3 hoy en su santuario la fiesta Patronal de Nuestra Se\u00f1ora de Schoenstatt y cont\u00f3 con la presencia del Administrador Diocesano, Pbro. Luis Alb\u00f3niga.<\/strong><\/p>\n\n\n\n<p>Con <a><\/a>el lema \u00abMar\u00eda, bajo tu manto, cobija nuestra patria\u00bb unas quinientas personas se encontraron en el predio de la zona de Camet para recorrer en procesi\u00f3n las calles del barrio y compartir la celebraci\u00f3n de la Eucarist\u00eda.<\/p>\n\n\n\n<p>El Padre Alb\u00f3niga invit\u00f3 a los fieles a vivir la fiesta del encuentro con Dios. \u00abEs la fiesta de toda la humanidad, donde Mar\u00eda se encarga de que no falte el vino de la alegr\u00eda\u00bb.<\/p>\n\n\n\n<p>Al finalizar la misa los presentes levantaron pa\u00f1uelos celestes y blancos que simbolizaban el manto de la Virgen, pidi\u00e9ndole a Ella que cobije a nuestra patria.<\/p>\n\n\n\n<p>La fiesta continu\u00f3 con m\u00fasica en vivo y buffet con cosas ricas compartidas en clima de familia.<\/p>\n\n\n\n<p>Una celebraci\u00f3n bendecida que regala las gracias de Nuestra Se\u00f1ora de Schoenstatt a toda la ciudad.<\/p>\n\n\n\n<p>Cr\u00f3nica: Soledad Oliva Carrera<\/p>\n\n\n\n<p><a href=\"https:\/\/www.facebook.com\/SchoenstattMdp?__cft__[0]=AZU5gRYLzleIcYFoPTK7c-j-XSdPuwfkuGf8639nEu2boknmM6CbsQ0KnIaVR2V8n8ytoozMsdZU2EwclTi-gaaAN2OirnI44vXL8fYbypdMnRc_aMRTrImXwUZ85I7FGBU7hmcmlMfEAiCxY_stHi6AwnriMPkp6Lp2Wjwes4ofbVu032OCzCHZRqH76Cng5z4&amp;__tn__=-]K-R\">Santuario de Schoenstatt &#8211; Mar del Plata<\/a><\/p>\n\n\n\n<figure class=\"wp-container-2 wp-block-gallery-1 wp-block-gallery has-nested-images columns-default is-cropped\">\n<figure class=\"wp-block-image size-large\"><img loading=\"lazy\" width=\"702\" height=\"643\" data-id=\"41969\"  src=\"https:\/\/www.obispado-mdp.org.ar\/a\/wp-content\/uploads\/2023\/10\/5dead1aa-898f-49cd-8b62-6e41196a19e1-1.jpg\" alt=\"\" class=\"wp-image-41969\"\/><\/figure>\n\n\n\n<figure class=\"wp-block-image size-large\"><img loading=\"lazy\" width=\"702\" height=\"587\" data-id=\"41968\"  src=\"https:\/\/www.obispado-mdp.org.ar\/a\/wp-content\/uploads\/2023\/10\/6269e101-f2de-4b08-af52-668526cc9b80-1.jpg\" alt=\"\" class=\"wp-image-41968\"\/><\/figure>\n\n\n\n<figure class=\"wp-block-image size-large\"><img loading=\"lazy\" width=\"702\" height=\"442\" data-id=\"41970\"  src=\"https:\/\/www.obispado-mdp.org.ar\/a\/wp-content\/uploads\/2023\/10\/27260faa-8347-420f-a779-f0506d675121.jpg\" alt=\"\" class=\"wp-image-41970\"\/><\/figure>\n\n\n\n<figure class=\"wp-block-image size-large\"><img loading=\"lazy\" width=\"702\" height=\"884\" data-id=\"41971\"  src=\"https:\/\/www.obispado-mdp.org.ar\/a\/wp-content\/uploads\/2023\/10\/c2f68c73-ad92-4121-a2b7-d97a71519ec8.jpg\" alt=\"\" class=\"wp-image-41971\"\/><\/figure>\n<\/figure>\n","protected":false},"excerpt":{"rendered":"<p>En el marco de una soleada jornada de primavera se celebr\u00f3 hoy en su santuario la fiesta Patronal de Nuestra Se\u00f1ora de Schoenstatt y cont\u00f3 con la presencia del Administrador Diocesano, Pbro. Luis Alb\u00f3niga. Con el lema \u00abMar\u00eda, bajo tu manto, cobija nuestra patria\u00bb unas quinientas personas se encontraron en el predio de la zona [&hellip;]<\/p>\n","protected":false},"author":4,"featured_media":41972,"comment_status":"open","ping_status":"open","sticky":false,"template":"","format":"standard","meta":{"_et_pb_use_builder":"","_et_pb_old_content":"","_et_gb_content_width":""},"categories":[4],"tags":[],"aioseo_notices":[],"_links":{"self":[{"href":"https:\/\/www.obispado-mdp.org.ar\/a\/wp-json\/wp\/v2\/posts\/41967"}],"collection":[{"href":"https:\/\/www.obispado-mdp.org.ar\/a\/wp-json\/wp\/v2\/posts"}],"about":[{"href":"https:\/\/www.obispado-mdp.org.ar\/a\/wp-json\/wp\/v2\/types\/post"}],"author":[{"embeddable":true,"href":"https:\/\/www.obispado-mdp.org.ar\/a\/wp-json\/wp\/v2\/users\/4"}],"replies":[{"embeddable":true,"href":"https:\/\/www.obispado-mdp.org.ar\/a\/wp-json\/wp\/v2\/comments?post=41967"}],"version-history":[{"count":1,"href":"https:\/\/www.obispado-mdp.org.ar\/a\/wp-json\/wp\/v2\/posts\/41967\/revisions"}],"predecessor-version":[{"id":41973,"href":"https:\/\/www.obispado-mdp.org.ar\/a\/wp-json\/wp\/v2\/posts\/41967\/revisions\/41973"}],"wp:featuredmedia":[{"embeddable":true,"href":"https:\/\/www.obispado-mdp.org.ar\/a\/wp-json\/wp\/v2\/media\/41972"}],"wp:attachment":[{"href":"https:\/\/www.obispado-mdp.org.ar\/a\/wp-json\/wp\/v2\/media?parent=41967"}],"wp:term":[{"taxonomy":"category","embeddable":true,"href":"https:\/\/www.obispado-mdp.org.ar\/a\/wp-json\/wp\/v2\/categories?post=41967"},{"taxonomy":"post_tag","embeddable":true,"href":"https:\/\/www.obispado-mdp.org.ar\/a\/wp-json\/wp\/v2\/tags?post=41967"}],"curies":[{"name":"wp","href":"https:\/\/api.w.org\/{rel}","templated":true}]}}