{"id":41975,"date":"2023-10-17T08:29:28","date_gmt":"2023-10-17T11:29:28","guid":{"rendered":"https:\/\/www.obispado-mdp.org.ar\/a\/?p=41975"},"modified":"2023-10-17T08:29:42","modified_gmt":"2023-10-17T11:29:42","slug":"esperando-al-nuevo-pastor-5","status":"publish","type":"post","link":"https:\/\/www.obispado-mdp.org.ar\/a\/esperando-al-nuevo-pastor-5\/","title":{"rendered":"ESPERANDO AL NUEVO PASTOR"},"content":{"rendered":"\n<p><strong>En efecto, a la luz del misterio de Cristo, Pastor y Obispo de las almas (cf. 1 P 2, 25), el Obispo comprender\u00e1 cada vez m\u00e1s profundamente el misterio de la Iglesia, en la que la gracia de la consagraci\u00f3n episcopal lo ha puesto como maestro, sacerdote y Pastor para guiarla con su misma potestad. Cf. Apostolorum Succesores 1<\/strong><\/p>\n\n\n\n<figure class=\"wp-block-image size-large\"><img loading=\"lazy\" width=\"1024\" height=\"1024\" src=\"https:\/\/www.obispado-mdp.org.ar\/a\/wp-content\/uploads\/2023\/10\/5-1024x1024.jpg\" alt=\"\" class=\"wp-image-41976\"\/><\/figure>\n","protected":false},"excerpt":{"rendered":"<p>En efecto, a la luz del misterio de Cristo, Pastor y Obispo de las almas (cf. 1 P 2, 25), el Obispo comprender\u00e1 cada vez m\u00e1s profundamente el misterio de la Iglesia, en la que la gracia de la consagraci\u00f3n episcopal lo ha puesto como maestro, sacerdote y Pastor para guiarla con su misma potestad. [&hellip;]<\/p>\n","protected":false},"author":4,"featured_media":41977,"comment_status":"open","ping_status":"open","sticky":false,"template":"","format":"standard","meta":{"_et_pb_use_builder":"","_et_pb_old_content":"","_et_gb_content_width":""},"categories":[4],"tags":[],"aioseo_notices":[],"_links":{"self":[{"href":"https:\/\/www.obispado-mdp.org.ar\/a\/wp-json\/wp\/v2\/posts\/41975"}],"collection":[{"href":"https:\/\/www.obispado-mdp.org.ar\/a\/wp-json\/wp\/v2\/posts"}],"about":[{"href":"https:\/\/www.obispado-mdp.org.ar\/a\/wp-json\/wp\/v2\/types\/post"}],"author":[{"embeddable":true,"href":"https:\/\/www.obispado-mdp.org.ar\/a\/wp-json\/wp\/v2\/users\/4"}],"replies":[{"embeddable":true,"href":"https:\/\/www.obispado-mdp.org.ar\/a\/wp-json\/wp\/v2\/comments?post=41975"}],"version-history":[{"count":1,"href":"https:\/\/www.obispado-mdp.org.ar\/a\/wp-json\/wp\/v2\/posts\/41975\/revisions"}],"predecessor-version":[{"id":41978,"href":"https:\/\/www.obispado-mdp.org.ar\/a\/wp-json\/wp\/v2\/posts\/41975\/revisions\/41978"}],"wp:featuredmedia":[{"embeddable":true,"href":"https:\/\/www.obispado-mdp.org.ar\/a\/wp-json\/wp\/v2\/media\/41977"}],"wp:attachment":[{"href":"https:\/\/www.obispado-mdp.org.ar\/a\/wp-json\/wp\/v2\/media?parent=41975"}],"wp:term":[{"taxonomy":"category","embeddable":true,"href":"https:\/\/www.obispado-mdp.org.ar\/a\/wp-json\/wp\/v2\/categories?post=41975"},{"taxonomy":"post_tag","embeddable":true,"href":"https:\/\/www.obispado-mdp.org.ar\/a\/wp-json\/wp\/v2\/tags?post=41975"}],"curies":[{"name":"wp","href":"https:\/\/api.w.org\/{rel}","templated":true}]}}