{"id":41979,"date":"2023-10-17T16:26:52","date_gmt":"2023-10-17T19:26:52","guid":{"rendered":"https:\/\/www.obispado-mdp.org.ar\/a\/?p=41979"},"modified":"2023-10-17T16:27:16","modified_gmt":"2023-10-17T19:27:16","slug":"concurramos-a-los-comicios-para-construir-la-paz-y-la-justicia","status":"publish","type":"post","link":"https:\/\/www.obispado-mdp.org.ar\/a\/concurramos-a-los-comicios-para-construir-la-paz-y-la-justicia\/","title":{"rendered":"CONCURRAMOS A LOS COMICIOS PARA CONSTRUIR LA PAZ Y LA JUSTICIA."},"content":{"rendered":"\n<p class=\"has-pale-cyan-blue-background-color has-background\">       <strong>Celebremos los 40 a\u00f1os de democracia expresando nuestra esperanza por medio del voto, dice el mensaje del Pbro Luis Alb\u00f3niga, Administrador diocesano.<\/strong><\/p>\n\n\n\n<p>       \u201cConstruir la paz y la justicia en la verdad\u201d, fue la invitaci\u00f3n del Papa Francisco en la audiencia general del mi\u00e9rcoles 13 de septiembre, en la plaza de San Pedro. En tal sentido, la Di\u00f3cesis de Mar del Plata, en ocasi\u00f3n de las elecciones presidenciales del pr\u00f3ximo 22 de octubre, invita a la poblaci\u00f3n a participar activamente en los comicios, en la certeza de que nuestro voto es el compromiso personal en esta instancia electoral para ser constructores en la verdad y la caridad de una aut\u00e9ntica Patria de hermanos. Pidamos al Se\u00f1or por cada uno de nosotros, pero tambi\u00e9n busquemos el bien de todos y para todos\u201d<\/p>\n\n\n\n<figure class=\"wp-block-image size-full\"><img loading=\"lazy\" width=\"969\" height=\"904\" src=\"https:\/\/www.obispado-mdp.org.ar\/a\/wp-content\/uploads\/2023\/10\/elecciones-Mensaje-obispado.jpg\" alt=\"\" class=\"wp-image-41980\"\/><\/figure>\n","protected":false},"excerpt":{"rendered":"<p>Celebremos los 40 a\u00f1os de democracia expresando nuestra esperanza por medio del voto, dice el mensaje del Pbro Luis Alb\u00f3niga, Administrador diocesano. \u201cConstruir la paz y la justicia en la verdad\u201d, fue la invitaci\u00f3n del Papa Francisco en la audiencia general del mi\u00e9rcoles 13 de septiembre, en la plaza de San Pedro. En tal sentido, [&hellip;]<\/p>\n","protected":false},"author":4,"featured_media":0,"comment_status":"open","ping_status":"open","sticky":false,"template":"","format":"standard","meta":{"_et_pb_use_builder":"","_et_pb_old_content":"","_et_gb_content_width":""},"categories":[3],"tags":[],"aioseo_notices":[],"_links":{"self":[{"href":"https:\/\/www.obispado-mdp.org.ar\/a\/wp-json\/wp\/v2\/posts\/41979"}],"collection":[{"href":"https:\/\/www.obispado-mdp.org.ar\/a\/wp-json\/wp\/v2\/posts"}],"about":[{"href":"https:\/\/www.obispado-mdp.org.ar\/a\/wp-json\/wp\/v2\/types\/post"}],"author":[{"embeddable":true,"href":"https:\/\/www.obispado-mdp.org.ar\/a\/wp-json\/wp\/v2\/users\/4"}],"replies":[{"embeddable":true,"href":"https:\/\/www.obispado-mdp.org.ar\/a\/wp-json\/wp\/v2\/comments?post=41979"}],"version-history":[{"count":1,"href":"https:\/\/www.obispado-mdp.org.ar\/a\/wp-json\/wp\/v2\/posts\/41979\/revisions"}],"predecessor-version":[{"id":41981,"href":"https:\/\/www.obispado-mdp.org.ar\/a\/wp-json\/wp\/v2\/posts\/41979\/revisions\/41981"}],"wp:attachment":[{"href":"https:\/\/www.obispado-mdp.org.ar\/a\/wp-json\/wp\/v2\/media?parent=41979"}],"wp:term":[{"taxonomy":"category","embeddable":true,"href":"https:\/\/www.obispado-mdp.org.ar\/a\/wp-json\/wp\/v2\/categories?post=41979"},{"taxonomy":"post_tag","embeddable":true,"href":"https:\/\/www.obispado-mdp.org.ar\/a\/wp-json\/wp\/v2\/tags?post=41979"}],"curies":[{"name":"wp","href":"https:\/\/api.w.org\/{rel}","templated":true}]}}