{"id":42000,"date":"2023-10-23T11:19:04","date_gmt":"2023-10-23T14:19:04","guid":{"rendered":"https:\/\/www.obispado-mdp.org.ar\/a\/?p=42000"},"modified":"2023-10-23T11:19:26","modified_gmt":"2023-10-23T14:19:26","slug":"la-universidad-del-sentido-en-mar-del-plata","status":"publish","type":"post","link":"https:\/\/www.obispado-mdp.org.ar\/a\/la-universidad-del-sentido-en-mar-del-plata\/","title":{"rendered":"LA UNIVERSIDAD DEL SENTIDO EN MAR DEL PLATA."},"content":{"rendered":"\n<p class=\"has-pale-cyan-blue-background-color has-background\"><strong>Motivada por el obispado de Mar del Plata, la ciudad ser\u00e1 microsede junto a las universidades locales de la Universidad del Sentido creada por el Papa Francisco.<\/strong><\/p>\n\n\n\n<p>Invitado por el Obispado y las Universidades locales visitar\u00e1 la ciudad el <strong>Prof. Italo Fiorin<\/strong> de la Universidad del Sentido, junto a su rector el <strong>Dr. Oscar Juri<\/strong> y el presidente de Scholas Ocurrentes <strong>Dr. Jos\u00e9 Mar\u00eda del Corral<\/strong>. Juntos desarrollar\u00e1n una serie de actividades para afianzar la presencia de la nueva Universidad creada recientemente por el Papa Francisco con sede en el Vaticano.<\/p>\n\n\n\n<p>El pr\u00f3ximo martes 31 de octubre las autoridades de la Universidad del Sentido ser\u00e1n recibidas a las 9hs en la sede del obispado por el Administrador Diocesano<strong>, Pbro. Luis Alb\u00f3niga<\/strong>, junto a autoridades de las Universidades locales.<\/p>\n\n\n\n<p>Luego continuar\u00e1n con una visita a la sede de la Universidad Nacional de Mar del Plata.<\/p>\n\n\n\n<p>En la tarde del marte a las 18hs en la Escuela Universitaria de Teolog\u00eda del obispado el Prof. Fiorin disertar\u00e1 sobre <strong>\u201cDesaf\u00edos y oportunidades de una educaci\u00f3n que genere sentido\u201d.<\/strong> Estar\u00e1n presentes autoridades educativas y representantes de los distintos sectores y niveles educativos para discutir los desaf\u00edos de las pr\u00e1cticas docentes. Encuentro destinado a representantes de instituciones y\/o organizaciones educativas y sociales de la ciudad.<\/p>\n\n\n\n<p>El mi\u00e9rcoles 1 de noviembre a las 14hs se realizar\u00e1 una conferencia plenaria destinada a docentes de las universidades y de escuelas media donde el Prof. Fiorin expondr\u00e1 sobre el tema <strong>\u201cLa dimensi\u00f3n trascendente de la educaci\u00f3n laica<\/strong>\u201d en la Facultad de Derecho de la Universidad Nacional de Mar del Plata.&nbsp;&nbsp;<\/p>\n\n\n\n<p>Para finalizar, el jueves 2 a las 14:00 hs, en el Colegio Don Orione,se realizar\u00e1 una jornada inmersiva para docentes de arte, juego y pensamiento sobre \u201cEl Sentido transformador de la pr\u00e1ctica docente\u201d. La propuesta ser\u00e1 llevada adelante por educadores de Scholas Ocurrentes bajo la direcci\u00f3n del Dr. Italo Fiorin.<\/p>\n\n\n\n<p>LA UNIVERSIDAD DEL SENTIDO<br>El&nbsp;<a href=\"https:\/\/www.lavoz.com.ar\/politica\/en-fotos-misa-de-desagravio-al-papa-francisco-organizada-por-el-cura-mariano-oberlin\/\" target=\"_blank\" rel=\"noreferrer noopener\">Papa Francisco&nbsp;<\/a>instituy\u00f3 recientemente la \u201cUniversidad del Sentido\u201d, una casa de estudios p\u00fablica para responder a la crisis global del sentido, seg\u00fan lo informado por el portal de informaci\u00f3n de la Santa Sede&nbsp;<strong>Vatican News<\/strong>, y su rector es el cordob\u00e9s Hugo Juri.<\/p>\n\n\n\n<p>Mediante un documento fechado el 15 de agosto, el sumo pont\u00edfice consolid\u00f3 una experiencia que ya lleva m\u00e1s de tres a\u00f1os siendo gestionada por el movimiento educativo internacional Scholas Ocurrentes. La \u201cUniversidad del Sentido\u201d, es una instituci\u00f3n educativa universitaria con sede en Ciudad del Vaticano. Ser\u00e1 la primera en su especie, gratuita y dirigida 100% por laicos.<\/p>\n\n\n\n<p>En un comunicado difundido por Scholas, la Universidad del Sentido \u201cle abre las puertas a estudiantes de todas las realidades, lenguas y credos, para que nadie quede fuera cuando lo que se ense\u00f1a no es una cosa, sino la vida misma\u201d.<\/p>\n\n\n\n<p>Seg\u00fan su web oficial, la Universidad del Sentido se propone poner en el centro a la persona humana en su singularidad e integridad. \u201cPromover el desarrollo de las habilidades blandas y recuperar el sentido trascendente en la cultura actual a trav\u00e9s de experiencias y procesos educativos formales e informales entrelazados y orientados por una perspectiva antropol\u00f3gica que re\u00fane arm\u00f3nicamente el lenguaje de la cabeza con el del coraz\u00f3n y las manos\u201d, son algunos de sus objetivos.<\/p>\n\n\n\n<figure class=\"wp-block-embed is-type-video is-provider-youtube wp-block-embed-youtube wp-embed-aspect-16-9 wp-has-aspect-ratio\"><div class=\"wp-block-embed__wrapper\">\n<iframe loading=\"lazy\" title=\"Universidad del Sentido\" width=\"1080\" height=\"608\" src=\"https:\/\/www.youtube.com\/embed\/5VGfGUxtpDs?feature=oembed\" frameborder=\"0\" allow=\"accelerometer; autoplay; clipboard-write; encrypted-media; gyroscope; picture-in-picture; web-share\" allowfullscreen><\/iframe>\n<\/div><\/figure>\n","protected":false},"excerpt":{"rendered":"<p>Motivada por el obispado de Mar del Plata, la ciudad ser\u00e1 microsede junto a las universidades locales de la Universidad del Sentido creada por el Papa Francisco. Invitado por el Obispado y las Universidades locales visitar\u00e1 la ciudad el Prof. Italo Fiorin de la Universidad del Sentido, junto a su rector el Dr. Oscar Juri [&hellip;]<\/p>\n","protected":false},"author":4,"featured_media":42001,"comment_status":"open","ping_status":"open","sticky":false,"template":"","format":"standard","meta":{"_et_pb_use_builder":"","_et_pb_old_content":"","_et_gb_content_width":""},"categories":[4,5],"tags":[],"aioseo_notices":[],"_links":{"self":[{"href":"https:\/\/www.obispado-mdp.org.ar\/a\/wp-json\/wp\/v2\/posts\/42000"}],"collection":[{"href":"https:\/\/www.obispado-mdp.org.ar\/a\/wp-json\/wp\/v2\/posts"}],"about":[{"href":"https:\/\/www.obispado-mdp.org.ar\/a\/wp-json\/wp\/v2\/types\/post"}],"author":[{"embeddable":true,"href":"https:\/\/www.obispado-mdp.org.ar\/a\/wp-json\/wp\/v2\/users\/4"}],"replies":[{"embeddable":true,"href":"https:\/\/www.obispado-mdp.org.ar\/a\/wp-json\/wp\/v2\/comments?post=42000"}],"version-history":[{"count":2,"href":"https:\/\/www.obispado-mdp.org.ar\/a\/wp-json\/wp\/v2\/posts\/42000\/revisions"}],"predecessor-version":[{"id":42003,"href":"https:\/\/www.obispado-mdp.org.ar\/a\/wp-json\/wp\/v2\/posts\/42000\/revisions\/42003"}],"wp:featuredmedia":[{"embeddable":true,"href":"https:\/\/www.obispado-mdp.org.ar\/a\/wp-json\/wp\/v2\/media\/42001"}],"wp:attachment":[{"href":"https:\/\/www.obispado-mdp.org.ar\/a\/wp-json\/wp\/v2\/media?parent=42000"}],"wp:term":[{"taxonomy":"category","embeddable":true,"href":"https:\/\/www.obispado-mdp.org.ar\/a\/wp-json\/wp\/v2\/categories?post=42000"},{"taxonomy":"post_tag","embeddable":true,"href":"https:\/\/www.obispado-mdp.org.ar\/a\/wp-json\/wp\/v2\/tags?post=42000"}],"curies":[{"name":"wp","href":"https:\/\/api.w.org\/{rel}","templated":true}]}}