{"id":42011,"date":"2023-10-25T11:42:29","date_gmt":"2023-10-25T14:42:29","guid":{"rendered":"https:\/\/www.obispado-mdp.org.ar\/a\/?p=42011"},"modified":"2023-10-25T12:19:49","modified_gmt":"2023-10-25T15:19:49","slug":"crucemos-a-la-otra-orilla","status":"publish","type":"post","link":"https:\/\/www.obispado-mdp.org.ar\/a\/crucemos-a-la-otra-orilla\/","title":{"rendered":"CRUCEMOS A LA OTRA ORILLA."},"content":{"rendered":"\n<p class=\"has-pale-cyan-blue-background-color has-background\"><strong>El Pbro. Luis Alb\u00f3niga particip\u00f3 esta ma\u00f1ana de la ceremonia en homenaje a los 44 tripulantes del ARA San Juan, al conmemorarse el sexto aniversario de la zarpada del puerto de Mar del Plata hac\u00eda en aguas del Atl\u00e1ntico Sur. <\/strong><\/p>\n\n\n\n<p>El acto fue en la Base Naval Mar del Plata, donde estuvieron presentes junto a los familiares de los submarinistas fallecidos el Intendente Municipal, Guillermo Montenegro; la Pte del HCD, Marina S\u00e1nchez Herrero, concejales, altos mandos militares de la Base Naval, veteranos y excombatientes de Malvinas.<\/p>\n\n\n\n<p>En la invocaci\u00f3n religiosa el Administrador diocesano, P. Luis Alb\u00f3niga, antes de la bendici\u00f3n, dijo \u201cCrucemos a la otra orilla (Mc 4,35). Esa fue la invitaci\u00f3n que Jes\u00fas dirigi\u00f3 a sus disc\u00edpulos. Ellos zarparon y cuando ya hab\u00eda oscurecido los sorprendi\u00f3 una tormenta. Llenos de miedo le pidieron al Maestro que interviniera. \u00c9l silenci\u00f3 el viento y el oleaje con poder. El 25 de octubre de 2017 la valiente tripulaci\u00f3n del ARA San Juan zarp\u00f3 de nuestro puerto. Ellos hab\u00edan escuchado el llamado de sus corazones a servir a nuestra Patria. No sab\u00edan que escuchar\u00edan otra voz que los llamar\u00eda, tal vez prematuramente, a arribar a otra orilla. All\u00ed desembarcaron y all\u00ed nos esperan. Desde all\u00ed nos animan a seguir unidos, a esperar el reencuentro, valorando la vida que ellos honraron con su servicio. Tripulantes del ARA San Juan, los recordamos con cari\u00f1o y los encomendamos al Se\u00f1or, para que sigan cuidando la navegaci\u00f3n de familiares, amigos y conciudadanos hacia la orilla definitiva, de la paz y el amor eterno\u201d, finaliz\u00f3 el sacerdote.<\/p>\n\n\n\n<p>Luego se colocaron ofrendas florales, descubrieron una placa en el monumento de acceso a la Base Naval y se escucharon emotivas palabras del Intendente y otras autoridades.<\/p>\n\n\n\n<figure class=\"wp-container-2 wp-block-gallery-1 wp-block-gallery has-nested-images columns-default is-cropped\">\n<figure class=\"wp-block-image size-large\"><img loading=\"lazy\" width=\"1024\" height=\"768\" data-id=\"42013\"  src=\"https:\/\/www.obispado-mdp.org.ar\/a\/wp-content\/uploads\/2023\/10\/8fe779a9-c56d-4bd4-a2fb-fa4036046660-copia-copia-1024x768.jpg\" alt=\"\" class=\"wp-image-42013\"\/><\/figure>\n\n\n\n<figure class=\"wp-block-image size-large\"><img loading=\"lazy\" width=\"1024\" height=\"768\" data-id=\"42015\"  src=\"https:\/\/www.obispado-mdp.org.ar\/a\/wp-content\/uploads\/2023\/10\/86c8bb4e-99b9-4cb5-bb1c-0cd2874b94bf-copia-1024x768.jpg\" alt=\"\" class=\"wp-image-42015\"\/><\/figure>\n\n\n\n<figure class=\"wp-block-image size-large\"><img loading=\"lazy\" width=\"768\" height=\"1024\" data-id=\"42014\"  src=\"https:\/\/www.obispado-mdp.org.ar\/a\/wp-content\/uploads\/2023\/10\/ad316564-4516-4a43-882c-9487ece57a1b-copia-copia-768x1024.jpg\" alt=\"\" class=\"wp-image-42014\"\/><\/figure>\n\n\n\n<figure class=\"wp-block-image size-large\"><img loading=\"lazy\" width=\"1024\" height=\"768\" data-id=\"42012\"  src=\"https:\/\/www.obispado-mdp.org.ar\/a\/wp-content\/uploads\/2023\/10\/c340a137-8449-4355-8cfd-e6d590ff9ad0-copia-copia-1024x768.jpg\" alt=\"\" class=\"wp-image-42012\"\/><\/figure>\n\n\n\n<figure class=\"wp-block-image size-large\"><img loading=\"lazy\" width=\"1024\" height=\"768\" data-id=\"42016\"  src=\"https:\/\/www.obispado-mdp.org.ar\/a\/wp-content\/uploads\/2023\/10\/e0ebd59f-0f36-4001-a2a4-cf0c376a15bb-copia-copia-1024x768.jpg\" alt=\"\" class=\"wp-image-42016\"\/><\/figure>\n<\/figure>\n\n\n\n<figure class=\"wp-container-4 wp-block-gallery-3 wp-block-gallery has-nested-images columns-default is-cropped\">\n<figure class=\"wp-block-image size-large\"><img loading=\"lazy\" width=\"768\" height=\"1024\" data-id=\"42017\"  src=\"https:\/\/www.obispado-mdp.org.ar\/a\/wp-content\/uploads\/2023\/10\/071115eb-5b7d-4a3a-b49c-77483c900290-768x1024.jpg\" alt=\"\" class=\"wp-image-42017\"\/><\/figure>\n\n\n\n<figure class=\"wp-block-image size-large\"><img loading=\"lazy\" width=\"768\" height=\"1024\" data-id=\"42018\"  src=\"https:\/\/www.obispado-mdp.org.ar\/a\/wp-content\/uploads\/2023\/10\/b33d31bc-f8f6-4302-a231-7cbe821dff8b-768x1024.jpg\" alt=\"\" class=\"wp-image-42018\"\/><\/figure>\n<\/figure>\n","protected":false},"excerpt":{"rendered":"<p>El Pbro. Luis Alb\u00f3niga particip\u00f3 esta ma\u00f1ana de la ceremonia en homenaje a los 44 tripulantes del ARA San Juan, al conmemorarse el sexto aniversario de la zarpada del puerto de Mar del Plata hac\u00eda en aguas del Atl\u00e1ntico Sur. El acto fue en la Base Naval Mar del Plata, donde estuvieron presentes junto a [&hellip;]<\/p>\n","protected":false},"author":4,"featured_media":42012,"comment_status":"open","ping_status":"open","sticky":false,"template":"","format":"standard","meta":{"_et_pb_use_builder":"","_et_pb_old_content":"","_et_gb_content_width":""},"categories":[4],"tags":[],"aioseo_notices":[],"_links":{"self":[{"href":"https:\/\/www.obispado-mdp.org.ar\/a\/wp-json\/wp\/v2\/posts\/42011"}],"collection":[{"href":"https:\/\/www.obispado-mdp.org.ar\/a\/wp-json\/wp\/v2\/posts"}],"about":[{"href":"https:\/\/www.obispado-mdp.org.ar\/a\/wp-json\/wp\/v2\/types\/post"}],"author":[{"embeddable":true,"href":"https:\/\/www.obispado-mdp.org.ar\/a\/wp-json\/wp\/v2\/users\/4"}],"replies":[{"embeddable":true,"href":"https:\/\/www.obispado-mdp.org.ar\/a\/wp-json\/wp\/v2\/comments?post=42011"}],"version-history":[{"count":2,"href":"https:\/\/www.obispado-mdp.org.ar\/a\/wp-json\/wp\/v2\/posts\/42011\/revisions"}],"predecessor-version":[{"id":42022,"href":"https:\/\/www.obispado-mdp.org.ar\/a\/wp-json\/wp\/v2\/posts\/42011\/revisions\/42022"}],"wp:featuredmedia":[{"embeddable":true,"href":"https:\/\/www.obispado-mdp.org.ar\/a\/wp-json\/wp\/v2\/media\/42012"}],"wp:attachment":[{"href":"https:\/\/www.obispado-mdp.org.ar\/a\/wp-json\/wp\/v2\/media?parent=42011"}],"wp:term":[{"taxonomy":"category","embeddable":true,"href":"https:\/\/www.obispado-mdp.org.ar\/a\/wp-json\/wp\/v2\/categories?post=42011"},{"taxonomy":"post_tag","embeddable":true,"href":"https:\/\/www.obispado-mdp.org.ar\/a\/wp-json\/wp\/v2\/tags?post=42011"}],"curies":[{"name":"wp","href":"https:\/\/api.w.org\/{rel}","templated":true}]}}