{"id":42040,"date":"2023-10-29T14:47:21","date_gmt":"2023-10-29T17:47:21","guid":{"rendered":"https:\/\/www.obispado-mdp.org.ar\/a\/?p=42040"},"modified":"2023-10-29T18:18:50","modified_gmt":"2023-10-29T21:18:50","slug":"acto-en-la-policia-federal","status":"publish","type":"post","link":"https:\/\/www.obispado-mdp.org.ar\/a\/acto-en-la-policia-federal\/","title":{"rendered":"ACTO EN LA POLICIA FEDERAL."},"content":{"rendered":"\n<p class=\"has-pale-cyan-blue-background-color has-background\"><strong>Con un emotivo acto, la Polic\u00eda Federal celebr\u00f3 en Mar del Plata su 202\u00b0 aniversario. El festejo fue encabezado por su titular, el comisario general Juan Carlos Hern\u00e1ndez. El Pbro Lui<\/strong>s<strong> Alb\u00f3niga hizo una bendici\u00f3n en la ceremonia.<\/strong><\/p>\n\n\n\n<p>La plana mayor de la Polic\u00eda Federal Argentina (PFA), encabezada por su titular, el comisario general Juan Carlos Hern\u00e1ndez, celebr\u00f3 este s\u00e1bado el 202\u00b0 aniversario de su creaci\u00f3n en un emotivo acto en el Espacio Cultural del Paseo Aldrey. Tambi\u00e9n asistieron el intendente Montenegro, autoridades provinciales y municipales.<\/p>\n\n\n\n<p>\u201cSon m\u00e1s de 200 a\u00f1os, pero la fuerza se mantiene joven. Que Dios renueve el fuego de vocaci\u00f3n de servicio y amor a la patria para cuidar a nuestros hermanos y hermanas\u201d, augur\u00f3 a su turno el padre Luis Alb\u00f3niga, administrador de la Di\u00f3cesis de Mar del Plata, que dej\u00f3 su bendici\u00f3n durante el festejo.<\/p>\n\n\n\n<p>La ceremonia comenz\u00f3 con las estrofas del Himno Nacional Argentino, interpretado por la banda musical de la PFA. Luego se evoc\u00f3 la memoria de polic\u00edas ca\u00eddos en cumplimiento de su deber. Y hubo lugar para la entrega de reconocimientos a efectivos que se destacaron por su labor en su respectiva divisi\u00f3n.<br>En otro pasaje, se homenaje\u00f3 a personalidades destacadas que suelen contribuir con la PFA. Entre ellos, recibi\u00f3 una plaqueta por su \u201cpermanente amistad\u201d el empresario Florencio Aldrey, quien fue a su vez considerado en la celebraci\u00f3n como \u201cla mism\u00edsima leyenda marplatense\u201d.<br>En la misma l\u00ednea, agradeci\u00f3 al intendente Guillermo Montenegro y a sus respectivos funcionarios por el trabajo \u201ccoordinado\u201d.<\/p>\n\n\n\n<p>fOTO Anibal Ramos<\/p>\n\n\n\n<figure class=\"wp-container-2 wp-block-gallery-1 wp-block-gallery has-nested-images columns-default is-cropped\">\n<figure class=\"wp-block-image size-large\"><img loading=\"lazy\" width=\"1024\" height=\"768\" data-id=\"42041\"  src=\"https:\/\/www.obispado-mdp.org.ar\/a\/wp-content\/uploads\/2023\/10\/395431557_6686861168077588_4948798226774321351_n-1024x768.jpg\" alt=\"\" class=\"wp-image-42041\"\/><\/figure>\n\n\n\n<figure class=\"wp-block-image size-large\"><img loading=\"lazy\" width=\"1024\" height=\"683\" data-id=\"42042\"  src=\"https:\/\/www.obispado-mdp.org.ar\/a\/wp-content\/uploads\/2023\/10\/Poli-Federal40-1024x683-1.webp\" alt=\"\" class=\"wp-image-42042\"\/><\/figure>\n<\/figure>\n\n\n\n<figure class=\"wp-block-image size-full\"><img loading=\"lazy\" width=\"638\" height=\"426\" src=\"https:\/\/www.obispado-mdp.org.ar\/a\/wp-content\/uploads\/2023\/10\/167402_638.webp\" alt=\"\" class=\"wp-image-42044\"\/><\/figure>\n","protected":false},"excerpt":{"rendered":"<p>Con un emotivo acto, la Polic\u00eda Federal celebr\u00f3 en Mar del Plata su 202\u00b0 aniversario. El festejo fue encabezado por su titular, el comisario general Juan Carlos Hern\u00e1ndez. El Pbro Luis Alb\u00f3niga hizo una bendici\u00f3n en la ceremonia. La plana mayor de la Polic\u00eda Federal Argentina (PFA), encabezada por su titular, el comisario general Juan [&hellip;]<\/p>\n","protected":false},"author":4,"featured_media":42043,"comment_status":"open","ping_status":"open","sticky":false,"template":"","format":"standard","meta":{"_et_pb_use_builder":"","_et_pb_old_content":"","_et_gb_content_width":""},"categories":[4],"tags":[],"aioseo_notices":[],"_links":{"self":[{"href":"https:\/\/www.obispado-mdp.org.ar\/a\/wp-json\/wp\/v2\/posts\/42040"}],"collection":[{"href":"https:\/\/www.obispado-mdp.org.ar\/a\/wp-json\/wp\/v2\/posts"}],"about":[{"href":"https:\/\/www.obispado-mdp.org.ar\/a\/wp-json\/wp\/v2\/types\/post"}],"author":[{"embeddable":true,"href":"https:\/\/www.obispado-mdp.org.ar\/a\/wp-json\/wp\/v2\/users\/4"}],"replies":[{"embeddable":true,"href":"https:\/\/www.obispado-mdp.org.ar\/a\/wp-json\/wp\/v2\/comments?post=42040"}],"version-history":[{"count":2,"href":"https:\/\/www.obispado-mdp.org.ar\/a\/wp-json\/wp\/v2\/posts\/42040\/revisions"}],"predecessor-version":[{"id":42047,"href":"https:\/\/www.obispado-mdp.org.ar\/a\/wp-json\/wp\/v2\/posts\/42040\/revisions\/42047"}],"wp:featuredmedia":[{"embeddable":true,"href":"https:\/\/www.obispado-mdp.org.ar\/a\/wp-json\/wp\/v2\/media\/42043"}],"wp:attachment":[{"href":"https:\/\/www.obispado-mdp.org.ar\/a\/wp-json\/wp\/v2\/media?parent=42040"}],"wp:term":[{"taxonomy":"category","embeddable":true,"href":"https:\/\/www.obispado-mdp.org.ar\/a\/wp-json\/wp\/v2\/categories?post=42040"},{"taxonomy":"post_tag","embeddable":true,"href":"https:\/\/www.obispado-mdp.org.ar\/a\/wp-json\/wp\/v2\/tags?post=42040"}],"curies":[{"name":"wp","href":"https:\/\/api.w.org\/{rel}","templated":true}]}}