{"id":42059,"date":"2023-10-31T18:25:46","date_gmt":"2023-10-31T21:25:46","guid":{"rendered":"https:\/\/www.obispado-mdp.org.ar\/a\/?p=42059"},"modified":"2023-10-31T18:48:08","modified_gmt":"2023-10-31T21:48:08","slug":"la-universidad-del-papa-francisco","status":"publish","type":"post","link":"https:\/\/www.obispado-mdp.org.ar\/a\/la-universidad-del-papa-francisco\/","title":{"rendered":"LA UNIVERSIDAD DEL PAPA FRANCISCO."},"content":{"rendered":"\n<p>Consejero en educaci\u00f3n del papa Francisco visita Mar del Plata para consolidar la Universidad del Sentido.<\/p>\n\n\n\n<p>En el marco del desarrollo global de la recientemente creada Universidad del Sentido, sus autoridades se encuentran desempe\u00f1ando distintas actividades en nuestra localidad. Italo Fiorin, consejero en el Vaticano del papa Francisco, y Hugo Juri, rector de dicha universidad, adem\u00e1s de ex ministro de educaci\u00f3n de la naci\u00f3n y ex rector de la Universidad Nacional de C\u00f3rdoba, son quienes invitados por el Obispado de Mar del Plata y Scholas Occurrentes llevan adelante las diferentes propuestas.<\/p>\n\n\n\n<p>Actividades<\/p>\n\n\n\n<p>Est\u00e1 ma\u00f1ana fueron recibidos por el administrador diocesano Pbro Luis Alb\u00f3niga. El obispado es la entidad que que motiva la presencia de la Universidad de Francisco en Mar del Plata.<\/p>\n\n\n\n<p>Luego, las autoridades de esta universidad, la primera universidad laica del Estado Vaticano, mantuvieron un encuentro con el Consejo Superior de la UNMDP y prev\u00e9n tambi\u00e9n reunirse con otras autoridades y representantes del \u00e1mbito educativo y con el intendente municipal.<\/p>\n\n\n\n<p>Tambi\u00e9n est\u00e1 prevista una jornada de capacitaci\u00f3n para docentes, que ser\u00e1 el d\u00eda jueves 2 a las 14 horas en el Colegio Don Orione.<\/p>\n\n\n\n<p>Conferencia abierta<\/p>\n\n\n\n<p>La conferencia central, abierta al p\u00fablico general aunque destinada a docentes del \u00e1mbito secundario y universitario, tendr\u00e1 lugar el mi\u00e9rcoles 1 de noviembre a las 14 horas, en la Facultad de Derecho.<\/p>\n\n\n\n<p>Universidad del sentido.<\/p>\n\n\n\n<p>La Universidad del Sentido surge de una idea del Papa ante la crisis global, potenciada por la pandemia. La misma \u201cquiere invitar a educar en la b\u00fasqueda de sentido, una b\u00fasqueda que parte de las preguntas que se crean en el encuentro con los j\u00f3venes del mundo\u201d. Son sus pilares \u201cescuchar, crear y celebrar\u201d, premisas que pretenden invitar al \u00e1mbito educativo a escuchar y mirar la nueva realidad, y las nuevas necesidades lo cual lleva a la responsabilidad de crear algo nuevo.\u201d<\/p>\n\n\n\n<p>Desde el Obispado de Mar del Plata, el administrador diocesano, Pbro. Luis Alb\u00f3niga se mostr\u00f3 \u201cmuy satisfechos de que Mar del Plata sea uno de los primeros lugares a nivel global en donde se van desarrollando la presencia de la universidad de Francisco, como una propuesta que nos abraza a todos\u201d.<\/p>\n\n\n\n<figure class=\"wp-container-2 wp-block-gallery-1 wp-block-gallery has-nested-images columns-default is-cropped\">\n<figure class=\"wp-block-image size-large\"><img loading=\"lazy\" width=\"1024\" height=\"768\" data-id=\"42060\"  src=\"https:\/\/www.obispado-mdp.org.ar\/a\/wp-content\/uploads\/2023\/10\/IMG_20231031_181346-1024x768.jpg\" alt=\"\" class=\"wp-image-42060\"\/><\/figure>\n\n\n\n<figure class=\"wp-block-image size-large\"><img loading=\"lazy\" width=\"1024\" height=\"768\" data-id=\"42061\"  src=\"https:\/\/www.obispado-mdp.org.ar\/a\/wp-content\/uploads\/2023\/10\/IMG_20231031_181313-1024x768.jpg\" alt=\"\" class=\"wp-image-42061\"\/><\/figure>\n\n\n\n<figure class=\"wp-block-image size-large\"><img loading=\"lazy\" width=\"1024\" height=\"752\" data-id=\"42062\"  src=\"https:\/\/www.obispado-mdp.org.ar\/a\/wp-content\/uploads\/2023\/10\/IMG_20231031_174941-1024x752.jpg\" alt=\"\" class=\"wp-image-42062\"\/><\/figure>\n\n\n\n<figure class=\"wp-block-image size-large\"><img loading=\"lazy\" width=\"768\" height=\"1024\" data-id=\"42064\"  src=\"https:\/\/www.obispado-mdp.org.ar\/a\/wp-content\/uploads\/2023\/10\/IMG_20231031_095600-768x1024.jpg\" alt=\"\" class=\"wp-image-42064\"\/><\/figure>\n\n\n\n<figure class=\"wp-block-image size-large\"><img loading=\"lazy\" width=\"1024\" height=\"768\" data-id=\"42063\"  src=\"https:\/\/www.obispado-mdp.org.ar\/a\/wp-content\/uploads\/2023\/10\/IMG_20231031_095235-1024x768.jpg\" alt=\"\" class=\"wp-image-42063\"\/><\/figure>\n<\/figure>\n\n\n\n<p><\/p>\n","protected":false},"excerpt":{"rendered":"<p>Consejero en educaci\u00f3n del papa Francisco visita Mar del Plata para consolidar la Universidad del Sentido. En el marco del desarrollo global de la recientemente creada Universidad del Sentido, sus autoridades se encuentran desempe\u00f1ando distintas actividades en nuestra localidad. Italo Fiorin, consejero en el Vaticano del papa Francisco, y Hugo Juri, rector de dicha universidad, [&hellip;]<\/p>\n","protected":false},"author":4,"featured_media":42065,"comment_status":"open","ping_status":"open","sticky":false,"template":"","format":"standard","meta":{"_et_pb_use_builder":"","_et_pb_old_content":"","_et_gb_content_width":""},"categories":[4],"tags":[],"aioseo_notices":[],"_links":{"self":[{"href":"https:\/\/www.obispado-mdp.org.ar\/a\/wp-json\/wp\/v2\/posts\/42059"}],"collection":[{"href":"https:\/\/www.obispado-mdp.org.ar\/a\/wp-json\/wp\/v2\/posts"}],"about":[{"href":"https:\/\/www.obispado-mdp.org.ar\/a\/wp-json\/wp\/v2\/types\/post"}],"author":[{"embeddable":true,"href":"https:\/\/www.obispado-mdp.org.ar\/a\/wp-json\/wp\/v2\/users\/4"}],"replies":[{"embeddable":true,"href":"https:\/\/www.obispado-mdp.org.ar\/a\/wp-json\/wp\/v2\/comments?post=42059"}],"version-history":[{"count":2,"href":"https:\/\/www.obispado-mdp.org.ar\/a\/wp-json\/wp\/v2\/posts\/42059\/revisions"}],"predecessor-version":[{"id":42071,"href":"https:\/\/www.obispado-mdp.org.ar\/a\/wp-json\/wp\/v2\/posts\/42059\/revisions\/42071"}],"wp:featuredmedia":[{"embeddable":true,"href":"https:\/\/www.obispado-mdp.org.ar\/a\/wp-json\/wp\/v2\/media\/42065"}],"wp:attachment":[{"href":"https:\/\/www.obispado-mdp.org.ar\/a\/wp-json\/wp\/v2\/media?parent=42059"}],"wp:term":[{"taxonomy":"category","embeddable":true,"href":"https:\/\/www.obispado-mdp.org.ar\/a\/wp-json\/wp\/v2\/categories?post=42059"},{"taxonomy":"post_tag","embeddable":true,"href":"https:\/\/www.obispado-mdp.org.ar\/a\/wp-json\/wp\/v2\/tags?post=42059"}],"curies":[{"name":"wp","href":"https:\/\/api.w.org\/{rel}","templated":true}]}}