{"id":42072,"date":"2023-11-01T13:11:36","date_gmt":"2023-11-01T16:11:36","guid":{"rendered":"https:\/\/www.obispado-mdp.org.ar\/a\/?p=42072"},"modified":"2023-11-01T13:12:00","modified_gmt":"2023-11-01T16:12:00","slug":"funcionarios-de-la-universidad-del-sentido-en-la-intendencia","status":"publish","type":"post","link":"https:\/\/www.obispado-mdp.org.ar\/a\/funcionarios-de-la-universidad-del-sentido-en-la-intendencia\/","title":{"rendered":"FUNCIONARIOS DE LA UNIVERSIDAD DEL SENTIDO EN LA INTENDENCIA."},"content":{"rendered":"\n<p class=\"has-pale-cyan-blue-background-color has-background\"><strong>En el marco de las distintas actividades que realizan los referentes de Universidad del Sentido en la ciudad, esta ma\u00f1ana sus autoridades junto al administrador diocesano, Pbro. Luis Alb\u00f3niga, visitaron al intendente Guillermo Montenegro, luego se reunieron con directivos de universidades.<\/strong> Conferencia<\/p>\n\n\n\n<p>La delegaci\u00f3n es integrada adem\u00e1s por el presidente de Scholas Ocurrentes, <strong>Dr. \u00a0Jos\u00e9 Mar\u00eda del Corral, el Dr. Hugo Juri, <\/strong>rector de la universidad del Sentido, adem\u00e1s de ex ministro de educaci\u00f3n de la naci\u00f3n y ex rector de la Universidad Nacional de C\u00f3rdoba, junto al <strong>Prof. Italo Fiorin,<\/strong> consejero en el Vaticano del papa Francisco, quienes invitados por el Obispado de Mar del Plata y Scholas Occurrentes llevan adelante las diferentes propuestas en la ciudad.<\/p>\n\n\n\n<p>Conferencia abierta hoy<\/p>\n\n\n\n<p>La conferencia central, abierta al p\u00fablico general aunque destinada a docentes del \u00e1mbito secundario y universitario, tendr\u00e1 lugar hoy mi\u00e9rcoles 1 de noviembre a las 14 horas, en la Facultad de Derecho.<\/p>\n\n\n\n<p>Tambi\u00e9n est\u00e1 prevista una jornada de capacitaci\u00f3n para docentes, que ser\u00e1 el d\u00eda jueves 2 a las 14 horas en el Colegio Don Orione.<\/p>\n\n\n\n<p>La Universidad del Sentido surge de una idea del Papa ante la crisis global, potenciada por la pandemia. La misma \u201cquiere invitar a educar en la b\u00fasqueda de sentido, una b\u00fasqueda que parte de las preguntas que se crean en el encuentro con los j\u00f3venes del mundo\u201d. Son sus pilares \u201cescuchar, crear y celebrar\u201d, premisas que pretenden invitar al \u00e1mbito educativo a escuchar y mirar la nueva realidad, y las nuevas necesidades lo cual lleva a la responsabilidad de crear algo nuevo.\u201d<\/p>\n\n\n\n<figure class=\"wp-container-2 wp-block-gallery-1 wp-block-gallery has-nested-images columns-default is-cropped\">\n<figure class=\"wp-block-image size-large\"><img loading=\"lazy\" width=\"1024\" height=\"768\" data-id=\"42076\"  src=\"https:\/\/www.obispado-mdp.org.ar\/a\/wp-content\/uploads\/2023\/11\/9cddfc85-4068-4102-9ac9-61bc29ae337f-1024x768.jpg\" alt=\"\" class=\"wp-image-42076\"\/><\/figure>\n\n\n\n<figure class=\"wp-block-image size-large\"><img loading=\"lazy\" width=\"1024\" height=\"768\" data-id=\"42073\"  src=\"https:\/\/www.obispado-mdp.org.ar\/a\/wp-content\/uploads\/2023\/11\/59628df0-9c06-4b39-9509-4d7a1f1ac20a-1024x768.jpg\" alt=\"\" class=\"wp-image-42073\"\/><\/figure>\n\n\n\n<figure class=\"wp-block-image size-large\"><img loading=\"lazy\" width=\"1024\" height=\"768\" data-id=\"42074\"  src=\"https:\/\/www.obispado-mdp.org.ar\/a\/wp-content\/uploads\/2023\/11\/083799c1-316a-4aa2-af76-aee5a75bda59-1024x768.jpg\" alt=\"\" class=\"wp-image-42074\"\/><\/figure>\n\n\n\n<figure class=\"wp-block-image size-large\"><img loading=\"lazy\" width=\"1024\" height=\"768\" data-id=\"42075\"  src=\"https:\/\/www.obispado-mdp.org.ar\/a\/wp-content\/uploads\/2023\/11\/57f4b41e-0ab7-487b-92c8-db0d4cb41efd-1024x768.jpg\" alt=\"\" class=\"wp-image-42075\"\/><\/figure>\n<\/figure>\n","protected":false},"excerpt":{"rendered":"<p>En el marco de las distintas actividades que realizan los referentes de Universidad del Sentido en la ciudad, esta ma\u00f1ana sus autoridades junto al administrador diocesano, Pbro. Luis Alb\u00f3niga, visitaron al intendente Guillermo Montenegro, luego se reunieron con directivos de universidades. Conferencia La delegaci\u00f3n es integrada adem\u00e1s por el presidente de Scholas Ocurrentes, Dr. \u00a0Jos\u00e9 [&hellip;]<\/p>\n","protected":false},"author":4,"featured_media":42078,"comment_status":"open","ping_status":"open","sticky":false,"template":"","format":"standard","meta":{"_et_pb_use_builder":"","_et_pb_old_content":"","_et_gb_content_width":""},"categories":[4],"tags":[],"aioseo_notices":[],"_links":{"self":[{"href":"https:\/\/www.obispado-mdp.org.ar\/a\/wp-json\/wp\/v2\/posts\/42072"}],"collection":[{"href":"https:\/\/www.obispado-mdp.org.ar\/a\/wp-json\/wp\/v2\/posts"}],"about":[{"href":"https:\/\/www.obispado-mdp.org.ar\/a\/wp-json\/wp\/v2\/types\/post"}],"author":[{"embeddable":true,"href":"https:\/\/www.obispado-mdp.org.ar\/a\/wp-json\/wp\/v2\/users\/4"}],"replies":[{"embeddable":true,"href":"https:\/\/www.obispado-mdp.org.ar\/a\/wp-json\/wp\/v2\/comments?post=42072"}],"version-history":[{"count":2,"href":"https:\/\/www.obispado-mdp.org.ar\/a\/wp-json\/wp\/v2\/posts\/42072\/revisions"}],"predecessor-version":[{"id":42081,"href":"https:\/\/www.obispado-mdp.org.ar\/a\/wp-json\/wp\/v2\/posts\/42072\/revisions\/42081"}],"wp:featuredmedia":[{"embeddable":true,"href":"https:\/\/www.obispado-mdp.org.ar\/a\/wp-json\/wp\/v2\/media\/42078"}],"wp:attachment":[{"href":"https:\/\/www.obispado-mdp.org.ar\/a\/wp-json\/wp\/v2\/media?parent=42072"}],"wp:term":[{"taxonomy":"category","embeddable":true,"href":"https:\/\/www.obispado-mdp.org.ar\/a\/wp-json\/wp\/v2\/categories?post=42072"},{"taxonomy":"post_tag","embeddable":true,"href":"https:\/\/www.obispado-mdp.org.ar\/a\/wp-json\/wp\/v2\/tags?post=42072"}],"curies":[{"name":"wp","href":"https:\/\/api.w.org\/{rel}","templated":true}]}}