{"id":42082,"date":"2023-11-02T08:54:41","date_gmt":"2023-11-02T11:54:41","guid":{"rendered":"https:\/\/www.obispado-mdp.org.ar\/a\/?p=42082"},"modified":"2023-11-02T09:10:18","modified_gmt":"2023-11-02T12:10:18","slug":"la-fraternidad-fundamento-y-camino-para-la-paz","status":"publish","type":"post","link":"https:\/\/www.obispado-mdp.org.ar\/a\/la-fraternidad-fundamento-y-camino-para-la-paz\/","title":{"rendered":"LA FRATERNIDAD FUNDAMENTO Y CAMINO PARA LA PAZ"},"content":{"rendered":"\n<p class=\"has-pale-cyan-blue-background-color has-background\"><strong>En las escalinatas de la Iglesia Catedral y en el marco de la jornada mundial por la paz, se realiz\u00f3 un encuentro de oraci\u00f3n interreligioso pidiendo por la paz bajo el lema \u00abla fraternidad, fundamento y camino para la paz\u00bb donde participar\u00e1n distintos credos de nuestra ciudad.<\/strong><\/p>\n\n\n\n<p>Para que seamos constructores de la tan ansiada paz con nuestras plegarias, lo representantes de distintas comunidades de fe de la ciudad ofrecieron p\u00fablicamente sus oraciones.<\/p>\n\n\n\n<p>IGLESIA METODISTA<\/p>\n\n\n\n<p>ASOCIACI\u00d3N PASTORAL EVANG\u00c9LICA DE MAR DEL PLATA<\/p>\n\n\n\n<p>MOVIMIENTO CRISTIANO MISIONERO<\/p>\n\n\n\n<p>IGLESIA EVANG\u00c9LICA LUTERANA UNIDA &nbsp;<\/p>\n\n\n\n<p>IGLESIA DE JESUCRISTO DE LOS SANTOS DE LOS \u00daLTIMOS D\u00cdAS<\/p>\n\n\n\n<p>SOCIEDAD UNION ISRAELITA MARPLATENSE&nbsp; SUIM<\/p>\n\n\n\n<p>IGLESIA CAT\u00d3LICA<\/p>\n\n\n\n<p>El Pbro. Dr. Luis D. Alb\u00f3niga, administrador diocesano, ofreci\u00f3 una oraci\u00f3n titulada <em>\u201cJuntos implorando la paz\u201d<\/em><\/p>\n\n\n\n<p>\u201cHace poco, en una vigilia de oraci\u00f3n ecum\u00e9nica, el Papa Francisco destac\u00f3 el valor de la palabra \u201cjuntos\u201d.<a href=\"#_ftn1\" id=\"_ftnref1\">[1]<\/a> Se trata de una de esas palabras entra\u00f1ables. Ya lo dice el Salmo 133: \u201cQu\u00e9 bueno y agradable es que los hermanos convivan juntos\u201d.<\/p>\n\n\n\n<p>El sentido de juntos es m\u00e1s que estar en un mismo lugar. Es muy distinto de estar amontonados o amuchados. Transciende el sentido de habitar una misma tierra o afrontar circunstancias comunes.<\/p>\n\n\n\n<p>Aqu\u00ed juntos significa, tambi\u00e9n, \u201cunidos\u201d, en comuni\u00f3n, sentados a una misma mesa, participando de iguales sentimientos y deseos.<\/p>\n\n\n\n<p>\u201cJuntos\u201d hace referencia al sue\u00f1o de un pap\u00e1 o una mam\u00e1 respecto de sus hijos y su familia. Es el deseo profundo de que permanezcan unidos. Juntos hace referencia a la experiencia de los amigos, que se desean y procuran el bien y comparten ideales y valores. \u201cJuntos\u201d evoca a tantos que se unen gratuitamente para ayudar a quienes m\u00e1s lo necesitan en tan diversos \u00e1mbitos de la vida social. Juntos es el sue\u00f1o de los hombres y mujeres creyentes que abrazamos un ideal trascendente y desde la fe en Dios reconocemos la dignidad de cada persona sin distinci\u00f3n. Juntos es lo que experimentamos cuando nos reconocemos Pueblo y buscamos unidos el bien de todos.<\/p>\n\n\n\n<p>Estamos \u201cjuntos\u201d esta noche orando por la paz.<\/p>\n\n\n\n<p>Dios y Padre nuestro, nos unimos a tu sue\u00f1o de ver a tu familia humana unidad. Te pedimos que los corazones cedan al odio y al enfrentamiento para que cese la guerra, la injusticia, la violencia, la discriminaci\u00f3n, las desigualdades que promueven la pobreza y la marginalidad. Se\u00f1or, Dios de la Paz, que tu poder venza al odio y tu presencia entre nosotros sea garant\u00eda de paz. Paz para el mundo, paz para la Tierra Santa y para toda tierra santificada por la presencia de los hombres y mujeres que creaste para que sean felices y hagan fecunda la tierra cuidando la vida, promoviendo la justicia y viviendo en la verdad.<\/p>\n\n\n\n<p>Juntos esta noche decimos: paz. Juntos decimos Shalom. Juntos queremos ser signo del compromiso por la paz. Que en cada rinc\u00f3n resuene nuestra voz y que podamos proclamar juntos \u201cQu\u00e9 hermosos son sobre los montes los pies del mensajero que anuncia la paz, que trae buenas nuevas, que anuncia salvaci\u00f3n\u201d (Is 52,7).<\/p>\n\n\n\n<p>Escucha Se\u00f1or nuestra humilde oraci\u00f3n y mostrarnos el camino de la paz. Am\u00e9n\u201d finaliz\u00f3 el P Luis.<\/p>\n\n\n\n<figure class=\"wp-container-2 wp-block-gallery-1 wp-block-gallery has-nested-images columns-default is-cropped\">\n<figure class=\"wp-block-image size-large\"><img loading=\"lazy\" width=\"1024\" height=\"768\" data-id=\"42086\"  src=\"https:\/\/www.obispado-mdp.org.ar\/a\/wp-content\/uploads\/2023\/11\/1fc4d2fe-6f1e-435c-b6f9-63dcd87021f0-1024x768.jpg\" alt=\"\" class=\"wp-image-42086\"\/><\/figure>\n\n\n\n<figure class=\"wp-block-image size-large\"><img loading=\"lazy\" width=\"1024\" height=\"768\" data-id=\"42084\"  src=\"https:\/\/www.obispado-mdp.org.ar\/a\/wp-content\/uploads\/2023\/11\/06059a46-e018-4f98-a604-647b36f7b871-1024x768.jpg\" alt=\"\" class=\"wp-image-42084\"\/><\/figure>\n\n\n\n<figure class=\"wp-block-image size-large\"><img loading=\"lazy\" width=\"768\" height=\"1024\" data-id=\"42083\"  src=\"https:\/\/www.obispado-mdp.org.ar\/a\/wp-content\/uploads\/2023\/11\/3460614b-e6f9-4dff-9771-e90e62f79882-768x1024.jpg\" alt=\"\" class=\"wp-image-42083\"\/><\/figure>\n\n\n\n<figure class=\"wp-block-image size-large\"><img loading=\"lazy\" width=\"768\" height=\"1024\" data-id=\"42085\"  src=\"https:\/\/www.obispado-mdp.org.ar\/a\/wp-content\/uploads\/2023\/11\/94220355-3a9d-474e-97dd-f8cb7ae810fb-copia-768x1024.jpg\" alt=\"\" class=\"wp-image-42085\"\/><\/figure>\n\n\n\n<figure class=\"wp-block-image size-large\"><img loading=\"lazy\" width=\"768\" height=\"1024\" data-id=\"42087\"  src=\"https:\/\/www.obispado-mdp.org.ar\/a\/wp-content\/uploads\/2023\/11\/bc00dff0-dcb5-4b2a-8a43-953726d4e905-768x1024.jpg\" alt=\"\" class=\"wp-image-42087\"\/><\/figure>\n\n\n\n<figure class=\"wp-block-image size-large\"><img loading=\"lazy\" width=\"768\" height=\"1024\" data-id=\"42089\"  src=\"https:\/\/www.obispado-mdp.org.ar\/a\/wp-content\/uploads\/2023\/11\/e191c411-9d49-45cf-88cc-916a5f222052-copia-768x1024.jpg\" alt=\"\" class=\"wp-image-42089\"\/><\/figure>\n\n\n\n<figure class=\"wp-block-image size-large\"><img loading=\"lazy\" width=\"1024\" height=\"768\" data-id=\"42088\"  src=\"https:\/\/www.obispado-mdp.org.ar\/a\/wp-content\/uploads\/2023\/11\/e909de32-daa6-4ed1-8c75-63ed2c7cbe7f-1024x768.jpg\" alt=\"\" class=\"wp-image-42088\"\/><\/figure>\n<\/figure>\n\n\n\n<hr class=\"wp-block-separator has-alpha-channel-opacity\"\/>\n\n\n\n<p><a href=\"#_ftnref1\" id=\"_ftn1\">[1]<\/a> Francisco, Vigilia ecum\u00e9nica de oraci\u00f3n, Plaza San Pedro 30\/09\/23<\/p>\n","protected":false},"excerpt":{"rendered":"<p>En las escalinatas de la Iglesia Catedral y en el marco de la jornada mundial por la paz, se realiz\u00f3 un encuentro de oraci\u00f3n interreligioso pidiendo por la paz bajo el lema \u00abla fraternidad, fundamento y camino para la paz\u00bb donde participar\u00e1n distintos credos de nuestra ciudad. Para que seamos constructores de la tan ansiada [&hellip;]<\/p>\n","protected":false},"author":4,"featured_media":42086,"comment_status":"open","ping_status":"open","sticky":false,"template":"","format":"standard","meta":{"_et_pb_use_builder":"","_et_pb_old_content":"","_et_gb_content_width":""},"categories":[4],"tags":[],"aioseo_notices":[],"_links":{"self":[{"href":"https:\/\/www.obispado-mdp.org.ar\/a\/wp-json\/wp\/v2\/posts\/42082"}],"collection":[{"href":"https:\/\/www.obispado-mdp.org.ar\/a\/wp-json\/wp\/v2\/posts"}],"about":[{"href":"https:\/\/www.obispado-mdp.org.ar\/a\/wp-json\/wp\/v2\/types\/post"}],"author":[{"embeddable":true,"href":"https:\/\/www.obispado-mdp.org.ar\/a\/wp-json\/wp\/v2\/users\/4"}],"replies":[{"embeddable":true,"href":"https:\/\/www.obispado-mdp.org.ar\/a\/wp-json\/wp\/v2\/comments?post=42082"}],"version-history":[{"count":2,"href":"https:\/\/www.obispado-mdp.org.ar\/a\/wp-json\/wp\/v2\/posts\/42082\/revisions"}],"predecessor-version":[{"id":42091,"href":"https:\/\/www.obispado-mdp.org.ar\/a\/wp-json\/wp\/v2\/posts\/42082\/revisions\/42091"}],"wp:featuredmedia":[{"embeddable":true,"href":"https:\/\/www.obispado-mdp.org.ar\/a\/wp-json\/wp\/v2\/media\/42086"}],"wp:attachment":[{"href":"https:\/\/www.obispado-mdp.org.ar\/a\/wp-json\/wp\/v2\/media?parent=42082"}],"wp:term":[{"taxonomy":"category","embeddable":true,"href":"https:\/\/www.obispado-mdp.org.ar\/a\/wp-json\/wp\/v2\/categories?post=42082"},{"taxonomy":"post_tag","embeddable":true,"href":"https:\/\/www.obispado-mdp.org.ar\/a\/wp-json\/wp\/v2\/tags?post=42082"}],"curies":[{"name":"wp","href":"https:\/\/api.w.org\/{rel}","templated":true}]}}