{"id":42092,"date":"2023-11-02T17:00:25","date_gmt":"2023-11-02T20:00:25","guid":{"rendered":"https:\/\/www.obispado-mdp.org.ar\/a\/?p=42092"},"modified":"2023-11-02T17:00:26","modified_gmt":"2023-11-02T20:00:26","slug":"celebracion-por-los-fieles-difuntos","status":"publish","type":"post","link":"https:\/\/www.obispado-mdp.org.ar\/a\/celebracion-por-los-fieles-difuntos\/","title":{"rendered":"CELEBRACI\u00d3N POR LOS FIELES DIFUNTOS."},"content":{"rendered":"\n<p>El administrador diocesano Pbro. Luis Alb\u00f3niga presidi\u00f3 est\u00e1 tarde la Eucarist\u00eda en la capilla del cementerio Parque para rezar por los fieles difuntos.<br>En su homilia el padre Luis dijo que \u00abhacemos un ejercicio de la memoria agradecida por los muertos que han sido importantes en nuestra vida. Este es un d\u00eda que nos provoca sentimientos encontrados. Adem\u00e1s de hacer en este d\u00eda una misa por la memoria agradecida de nuestros muertos celebramos que el Se\u00f1or es la verdad y la vida. Hacemos memoria de nuestra vida en Jes\u00fas, en este presente y en la esperanza del reencuentro definitivo en el cielo\u00bb, finaliz\u00f3 el sacerdote.<br>Participaron de esta celebraci\u00f3n el Padre Choby D\u00edaz y los di\u00e1conos Enrique y N\u00e9stor, junto a los miembros de la Pastoral del Duelo.<\/p>\n\n\n\n<figure class=\"wp-container-2 wp-block-gallery-1 wp-block-gallery has-nested-images columns-default is-cropped\">\n<figure class=\"wp-block-image size-large\"><img loading=\"lazy\" width=\"1024\" height=\"768\" data-id=\"42094\"  src=\"https:\/\/www.obispado-mdp.org.ar\/a\/wp-content\/uploads\/2023\/11\/IMG_20231102_163234-1024x768.jpg\" alt=\"\" class=\"wp-image-42094\"\/><\/figure>\n\n\n\n<figure class=\"wp-block-image size-large\"><img loading=\"lazy\" width=\"1024\" height=\"768\" data-id=\"42093\"  src=\"https:\/\/www.obispado-mdp.org.ar\/a\/wp-content\/uploads\/2023\/11\/IMG_20231102_161928-1024x768.jpg\" alt=\"\" class=\"wp-image-42093\"\/><\/figure>\n\n\n\n<figure class=\"wp-block-image size-large\"><img loading=\"lazy\" width=\"1024\" height=\"768\" data-id=\"42096\"  src=\"https:\/\/www.obispado-mdp.org.ar\/a\/wp-content\/uploads\/2023\/11\/IMG_20231102_161916-1024x768.jpg\" alt=\"\" class=\"wp-image-42096\"\/><\/figure>\n\n\n\n<figure class=\"wp-block-image size-large\"><img loading=\"lazy\" width=\"1024\" height=\"768\" data-id=\"42095\"  src=\"https:\/\/www.obispado-mdp.org.ar\/a\/wp-content\/uploads\/2023\/11\/IMG_20231102_161015-1024x768.jpg\" alt=\"\" class=\"wp-image-42095\"\/><\/figure>\n\n\n\n<figure class=\"wp-block-image size-large\"><img loading=\"lazy\" width=\"1024\" height=\"768\" data-id=\"42097\"  src=\"https:\/\/www.obispado-mdp.org.ar\/a\/wp-content\/uploads\/2023\/11\/IMG_20231102_160842-1024x768.jpg\" alt=\"\" class=\"wp-image-42097\"\/><\/figure>\n<\/figure>\n","protected":false},"excerpt":{"rendered":"<p>El administrador diocesano Pbro. Luis Alb\u00f3niga presidi\u00f3 est\u00e1 tarde la Eucarist\u00eda en la capilla del cementerio Parque para rezar por los fieles difuntos.En su homilia el padre Luis dijo que \u00abhacemos un ejercicio de la memoria agradecida por los muertos que han sido importantes en nuestra vida. Este es un d\u00eda que nos provoca sentimientos [&hellip;]<\/p>\n","protected":false},"author":4,"featured_media":42095,"comment_status":"open","ping_status":"open","sticky":false,"template":"","format":"standard","meta":{"_et_pb_use_builder":"","_et_pb_old_content":"","_et_gb_content_width":""},"categories":[4],"tags":[],"aioseo_notices":[],"_links":{"self":[{"href":"https:\/\/www.obispado-mdp.org.ar\/a\/wp-json\/wp\/v2\/posts\/42092"}],"collection":[{"href":"https:\/\/www.obispado-mdp.org.ar\/a\/wp-json\/wp\/v2\/posts"}],"about":[{"href":"https:\/\/www.obispado-mdp.org.ar\/a\/wp-json\/wp\/v2\/types\/post"}],"author":[{"embeddable":true,"href":"https:\/\/www.obispado-mdp.org.ar\/a\/wp-json\/wp\/v2\/users\/4"}],"replies":[{"embeddable":true,"href":"https:\/\/www.obispado-mdp.org.ar\/a\/wp-json\/wp\/v2\/comments?post=42092"}],"version-history":[{"count":1,"href":"https:\/\/www.obispado-mdp.org.ar\/a\/wp-json\/wp\/v2\/posts\/42092\/revisions"}],"predecessor-version":[{"id":42098,"href":"https:\/\/www.obispado-mdp.org.ar\/a\/wp-json\/wp\/v2\/posts\/42092\/revisions\/42098"}],"wp:featuredmedia":[{"embeddable":true,"href":"https:\/\/www.obispado-mdp.org.ar\/a\/wp-json\/wp\/v2\/media\/42095"}],"wp:attachment":[{"href":"https:\/\/www.obispado-mdp.org.ar\/a\/wp-json\/wp\/v2\/media?parent=42092"}],"wp:term":[{"taxonomy":"category","embeddable":true,"href":"https:\/\/www.obispado-mdp.org.ar\/a\/wp-json\/wp\/v2\/categories?post=42092"},{"taxonomy":"post_tag","embeddable":true,"href":"https:\/\/www.obispado-mdp.org.ar\/a\/wp-json\/wp\/v2\/tags?post=42092"}],"curies":[{"name":"wp","href":"https:\/\/api.w.org\/{rel}","templated":true}]}}