{"id":42105,"date":"2023-11-03T12:17:01","date_gmt":"2023-11-03T15:17:01","guid":{"rendered":"https:\/\/www.obispado-mdp.org.ar\/a\/?p=42105"},"modified":"2023-11-03T12:17:16","modified_gmt":"2023-11-03T15:17:16","slug":"misa-en-accion-de-gracias-por-los-25-anos-de-ordenacion-episcopal-de-mons-puiggari-2","status":"publish","type":"post","link":"https:\/\/www.obispado-mdp.org.ar\/a\/misa-en-accion-de-gracias-por-los-25-anos-de-ordenacion-episcopal-de-mons-puiggari-2\/","title":{"rendered":"MISA EN ACCI\u00d3N DE GRACIAS POR LOS 25 A\u00d1OS DE ORDENACI\u00d3N EPISCOPAL DE MONS. PUIGGARI"},"content":{"rendered":"\n<p class=\"has-pale-cyan-blue-background-color has-background\"><strong>Este s\u00e1bado 4 de noviembre el Arzobispo de Paran\u00e1 y ex obispo de Mar del Plata, Mons. Juan Alberto Puiggari, presidir\u00e1 a las 19hs la celebraci\u00f3n de Acci\u00f3n de Gracias por los 25 a\u00f1os de su consagraci\u00f3n episcopal en la Iglesia Catedral de Mar del Plata junto a la comunidad marplatense.<\/strong><\/p>\n\n\n\n<p>El pasado lunes 8 de mayo, el arzobispo de Paran\u00e1, monse\u00f1or Juan Alberto Puiggari, presidi\u00f3 la celebraci\u00f3n eucar\u00edstica en la catedral arquidiocesana de esa ciudad para dar gracias por el 25\u00ba aniversario de su consagraci\u00f3n episcopal. El arzobispo de Paran\u00e1 agradeci\u00f3 al Se\u00f1or, que lo \u00abcuid\u00f3 y sostuvo durante estos a\u00f1os\u00bb. \u00abNo eleg\u00ed el camino, Dios me llam\u00f3, me eligi\u00f3 sin ning\u00fan m\u00e9rito de mi parte\u00bb, expres\u00f3.<\/p>\n\n\n\n<p>Monse\u00f1or Juan Alberto Puiggari &#8211; 2003-2011 | 5\u00b0 Obispo<\/p>\n\n\n\n<p>El quinto obispo de la di\u00f3cesis fue Mons. Juan Alberto Puiggari, quien siendo obispo auxiliar de Paran\u00e1, el 7 de junio de 2003 fue trasladado por Juan Pablo II a la sede de Mar del Plata, de la que tom\u00f3 posesi\u00f3n el 10 de agosto de 2003. En la Iglesia de Mar del Plata se desempe\u00f1\u00f3 como Obispo hasta noviembre de 2010, cuando fue nombrado Arzobispo de Paran\u00e1. Hasta febrero de 2011 fue Administrador Apost\u00f3lico de la Di\u00f3cesis hasta el 7 de marzo de 2011, cuando asumi\u00f3 su nuevo servicio en Paran\u00e1.<\/p>\n\n\n\n<figure class=\"wp-block-video\"><video controls src=\"https:\/\/www.obispado-mdp.org.ar\/a\/wp-content\/uploads\/2023\/11\/WhatsApp-Video-2023-11-03-at-12.08.22.mp4\"><\/video><\/figure>\n","protected":false},"excerpt":{"rendered":"<p>Este s\u00e1bado 4 de noviembre el Arzobispo de Paran\u00e1 y ex obispo de Mar del Plata, Mons. Juan Alberto Puiggari, presidir\u00e1 a las 19hs la celebraci\u00f3n de Acci\u00f3n de Gracias por los 25 a\u00f1os de su consagraci\u00f3n episcopal en la Iglesia Catedral de Mar del Plata junto a la comunidad marplatense. El pasado lunes 8 [&hellip;]<\/p>\n","protected":false},"author":4,"featured_media":42107,"comment_status":"open","ping_status":"open","sticky":false,"template":"","format":"standard","meta":{"_et_pb_use_builder":"","_et_pb_old_content":"","_et_gb_content_width":""},"categories":[4],"tags":[],"aioseo_notices":[],"_links":{"self":[{"href":"https:\/\/www.obispado-mdp.org.ar\/a\/wp-json\/wp\/v2\/posts\/42105"}],"collection":[{"href":"https:\/\/www.obispado-mdp.org.ar\/a\/wp-json\/wp\/v2\/posts"}],"about":[{"href":"https:\/\/www.obispado-mdp.org.ar\/a\/wp-json\/wp\/v2\/types\/post"}],"author":[{"embeddable":true,"href":"https:\/\/www.obispado-mdp.org.ar\/a\/wp-json\/wp\/v2\/users\/4"}],"replies":[{"embeddable":true,"href":"https:\/\/www.obispado-mdp.org.ar\/a\/wp-json\/wp\/v2\/comments?post=42105"}],"version-history":[{"count":1,"href":"https:\/\/www.obispado-mdp.org.ar\/a\/wp-json\/wp\/v2\/posts\/42105\/revisions"}],"predecessor-version":[{"id":42108,"href":"https:\/\/www.obispado-mdp.org.ar\/a\/wp-json\/wp\/v2\/posts\/42105\/revisions\/42108"}],"wp:featuredmedia":[{"embeddable":true,"href":"https:\/\/www.obispado-mdp.org.ar\/a\/wp-json\/wp\/v2\/media\/42107"}],"wp:attachment":[{"href":"https:\/\/www.obispado-mdp.org.ar\/a\/wp-json\/wp\/v2\/media?parent=42105"}],"wp:term":[{"taxonomy":"category","embeddable":true,"href":"https:\/\/www.obispado-mdp.org.ar\/a\/wp-json\/wp\/v2\/categories?post=42105"},{"taxonomy":"post_tag","embeddable":true,"href":"https:\/\/www.obispado-mdp.org.ar\/a\/wp-json\/wp\/v2\/tags?post=42105"}],"curies":[{"name":"wp","href":"https:\/\/api.w.org\/{rel}","templated":true}]}}