{"id":42109,"date":"2023-11-04T08:13:00","date_gmt":"2023-11-04T11:13:00","guid":{"rendered":"https:\/\/www.obispado-mdp.org.ar\/a\/?p=42109"},"modified":"2023-11-03T17:04:27","modified_gmt":"2023-11-03T20:04:27","slug":"mons-puiggari-se-reunio-con-el-clero-marplatense","status":"publish","type":"post","link":"https:\/\/www.obispado-mdp.org.ar\/a\/mons-puiggari-se-reunio-con-el-clero-marplatense\/","title":{"rendered":"MONS. PUIGGARI SE REUNI\u00d3 CON EL CLERO MARPLATENSE."},"content":{"rendered":"\n<p class=\"has-pale-cyan-blue-background-color has-background\"><strong>\u00a0Durante la visita del Arzobispo de Paran\u00e1 y ex obispo de Mar del Plata, Mons. Juan Alberto Puiggari, con motivo de la celebraci\u00f3n de los 25 a\u00f1os de su consagraci\u00f3n episcopal, se reuni\u00f3 con el clero de Mar del Plata en la Casa de Ejercicios Espirituales del Bosque de Peralta Ramos. \u00a0\u00a0\u00a0<\/strong><\/p>\n\n\n\n<p>All\u00ed, Mons. Puiggari presidi\u00f3 la eucarist\u00eda donde agradeci\u00f3 la invitaci\u00f3n a su primera di\u00f3cesis como obispo titular, luego destac\u00f3 la fidelidad de Dios y la obra de la Gracia que ha realizado en \u00e9l a trav\u00e9s de su ministerio. Tambi\u00e9n record\u00f3 lo importante que fue su paso por Mar del Plata y destac\u00f3 el enriquecimiento que signific\u00f3 su encuentro con la realidad de esta di\u00f3cesis y con el clero.<\/p>\n\n\n\n<p>&nbsp;Luego de la celebraci\u00f3n los padres Armando Ledesma, Ezequiel Kseim y Juan Cruz Mennilli, recordaron aspectos importantes de su ministerio y de su relaci\u00f3n con los sacerdotes de la di\u00f3cesis.<\/p>\n\n\n\n<p>El s\u00e1bado a las 19hs, Mons Puiggari presidir\u00e1 a las 19hs la celebraci\u00f3n de Acci\u00f3n de Gracias por los 25 a\u00f1os de su consagraci\u00f3n episcopal en la Iglesia Catedral de Mar del Plata junto a la comunidad marplatense.<\/p>\n\n\n\n<figure class=\"wp-container-2 wp-block-gallery-1 wp-block-gallery has-nested-images columns-default is-cropped\">\n<figure class=\"wp-block-image size-large\"><img loading=\"lazy\" width=\"576\" height=\"1024\" data-id=\"42113\"  src=\"https:\/\/www.obispado-mdp.org.ar\/a\/wp-content\/uploads\/2023\/11\/3be085dd-b09b-4809-a017-015c465bdea7-576x1024.jpg\" alt=\"\" class=\"wp-image-42113\"\/><\/figure>\n\n\n\n<figure class=\"wp-block-image size-large\"><img loading=\"lazy\" width=\"576\" height=\"1024\" data-id=\"42111\"  src=\"https:\/\/www.obispado-mdp.org.ar\/a\/wp-content\/uploads\/2023\/11\/04c2aa83-ec79-4f66-b486-0bdb3a8ac67f-576x1024.jpg\" alt=\"\" class=\"wp-image-42111\"\/><\/figure>\n\n\n\n<figure class=\"wp-block-image size-large\"><img loading=\"lazy\" width=\"1024\" height=\"768\" data-id=\"42112\"  src=\"https:\/\/www.obispado-mdp.org.ar\/a\/wp-content\/uploads\/2023\/11\/14f52d21-63f9-49b0-8e1a-b41dd6fc66c9-1024x768.jpg\" alt=\"\" class=\"wp-image-42112\"\/><\/figure>\n\n\n\n<figure class=\"wp-block-image size-large\"><img loading=\"lazy\" width=\"576\" height=\"1024\" data-id=\"42110\"  src=\"https:\/\/www.obispado-mdp.org.ar\/a\/wp-content\/uploads\/2023\/11\/52b8adc2-bc81-45f0-8694-5f91097f39fc-576x1024.jpg\" alt=\"\" class=\"wp-image-42110\"\/><\/figure>\n\n\n\n<figure class=\"wp-block-image size-large\"><img loading=\"lazy\" width=\"576\" height=\"1024\" data-id=\"42118\"  src=\"https:\/\/www.obispado-mdp.org.ar\/a\/wp-content\/uploads\/2023\/11\/4c39b642-1d52-46ff-9c57-23c984d7ba15-576x1024.jpg\" alt=\"\" class=\"wp-image-42118\"\/><\/figure>\n\n\n\n<figure class=\"wp-block-image size-large\"><img loading=\"lazy\" width=\"1024\" height=\"768\" data-id=\"42115\"  src=\"https:\/\/www.obispado-mdp.org.ar\/a\/wp-content\/uploads\/2023\/11\/ded0a494-67a2-45e4-ae76-8e549339e96e-1024x768.jpg\" alt=\"\" class=\"wp-image-42115\"\/><\/figure>\n\n\n\n<figure class=\"wp-block-image size-large\"><img loading=\"lazy\" width=\"1024\" height=\"576\" data-id=\"42120\"  src=\"https:\/\/www.obispado-mdp.org.ar\/a\/wp-content\/uploads\/2023\/11\/186e318b-85e5-4438-9e55-65f10d34fe57-1024x576.jpg\" alt=\"\" class=\"wp-image-42120\"\/><\/figure>\n<\/figure>\n","protected":false},"excerpt":{"rendered":"<p>\u00a0Durante la visita del Arzobispo de Paran\u00e1 y ex obispo de Mar del Plata, Mons. Juan Alberto Puiggari, con motivo de la celebraci\u00f3n de los 25 a\u00f1os de su consagraci\u00f3n episcopal, se reuni\u00f3 con el clero de Mar del Plata en la Casa de Ejercicios Espirituales del Bosque de Peralta Ramos. \u00a0\u00a0\u00a0 All\u00ed, Mons. Puiggari [&hellip;]<\/p>\n","protected":false},"author":4,"featured_media":42114,"comment_status":"open","ping_status":"open","sticky":false,"template":"","format":"standard","meta":{"_et_pb_use_builder":"","_et_pb_old_content":"","_et_gb_content_width":""},"categories":[4],"tags":[],"aioseo_notices":[],"_links":{"self":[{"href":"https:\/\/www.obispado-mdp.org.ar\/a\/wp-json\/wp\/v2\/posts\/42109"}],"collection":[{"href":"https:\/\/www.obispado-mdp.org.ar\/a\/wp-json\/wp\/v2\/posts"}],"about":[{"href":"https:\/\/www.obispado-mdp.org.ar\/a\/wp-json\/wp\/v2\/types\/post"}],"author":[{"embeddable":true,"href":"https:\/\/www.obispado-mdp.org.ar\/a\/wp-json\/wp\/v2\/users\/4"}],"replies":[{"embeddable":true,"href":"https:\/\/www.obispado-mdp.org.ar\/a\/wp-json\/wp\/v2\/comments?post=42109"}],"version-history":[{"count":4,"href":"https:\/\/www.obispado-mdp.org.ar\/a\/wp-json\/wp\/v2\/posts\/42109\/revisions"}],"predecessor-version":[{"id":42123,"href":"https:\/\/www.obispado-mdp.org.ar\/a\/wp-json\/wp\/v2\/posts\/42109\/revisions\/42123"}],"wp:featuredmedia":[{"embeddable":true,"href":"https:\/\/www.obispado-mdp.org.ar\/a\/wp-json\/wp\/v2\/media\/42114"}],"wp:attachment":[{"href":"https:\/\/www.obispado-mdp.org.ar\/a\/wp-json\/wp\/v2\/media?parent=42109"}],"wp:term":[{"taxonomy":"category","embeddable":true,"href":"https:\/\/www.obispado-mdp.org.ar\/a\/wp-json\/wp\/v2\/categories?post=42109"},{"taxonomy":"post_tag","embeddable":true,"href":"https:\/\/www.obispado-mdp.org.ar\/a\/wp-json\/wp\/v2\/tags?post=42109"}],"curies":[{"name":"wp","href":"https:\/\/api.w.org\/{rel}","templated":true}]}}