{"id":42126,"date":"2023-11-07T07:57:25","date_gmt":"2023-11-07T10:57:25","guid":{"rendered":"https:\/\/www.obispado-mdp.org.ar\/a\/?p=42126"},"modified":"2023-11-07T07:57:32","modified_gmt":"2023-11-07T10:57:32","slug":"acuerdo-entre-universidades-catolicas","status":"publish","type":"post","link":"https:\/\/www.obispado-mdp.org.ar\/a\/acuerdo-entre-universidades-catolicas\/","title":{"rendered":"ACUERDO ENTRE UNIVERSIDADES CAT\u00d3LICAS."},"content":{"rendered":"\n<h1 class=\"has-pale-cyan-blue-background-color has-background has-medium-font-size\">La Escuela Universitaria de Teolog\u00eda y la Universidad Cat\u00f3lica de La Plata firman un acuerdo de colaboraci\u00f3n acad\u00e9mica<\/h1>\n\n\n\n<p>La&nbsp;<strong>Escuela Universitaria de Teolog\u00eda de Mar del Plata (EUT)<\/strong>&nbsp;y&nbsp;<strong>Universidad Cat\u00f3lica de La Plata (UCALP)<\/strong>&nbsp;firmaron un acuerdo de colaboraci\u00f3n con la finalidad de fortalecer la sinergia entre ambas instituciones y fomentar el desarrollo de una amplia gama de actividades acad\u00e9micas y de extensi\u00f3n.<\/p>\n\n\n\n<p>El acuerdo, firmado en el Rectorado de la UCALP, tiene como&nbsp;<strong>objetivo principal establecer un marco de cooperaci\u00f3n que permitir\u00e1 a ambas instituciones trabajar en conjunto en diversas \u00e1reas, impulsando el progreso cient\u00edfico, formativo, docente y de divulgaci\u00f3n en la regi\u00f3n<\/strong>.<\/p>\n\n\n\n<p>Estuvieron presentes durante el encuentro, el&nbsp;<strong>Arzobispo de La Plata y Gran Canciller de la UCALP, SER Mons. Gabriel Mestre<\/strong>, la&nbsp;<strong>Rectora, Prof. Rita Gajate<\/strong>, el&nbsp;<strong>Vicerrector Acad\u00e9mico, Dr. Sebasti\u00e1n Piana<\/strong>&nbsp;y la&nbsp;<strong>Secretaria Acad\u00e9mica, Lic. Valeria Fern\u00e1ndez<\/strong>. Por la&nbsp;<strong>EUT<\/strong>&nbsp;participaron su&nbsp;<strong>Rector y Administrador diocesano interino, Pbro. Dr. Luis Dami\u00e1n Alb\u00f3niga<\/strong>, el&nbsp;<strong>Vicerrector, Prof. Lic. Rub\u00e9n Primo Fern\u00e1ndez<\/strong>&nbsp;y el&nbsp;<strong>Director del Departamento de Extensi\u00f3n, Pbro. Lic. Tom\u00e1s de la Riva<\/strong>.<\/p>\n\n\n\n<p>Este acuerdo sienta las bases para una colaboraci\u00f3n enriquecedora que&nbsp;<strong>beneficiar\u00e1 tanto a estudiantes como a la comunidad en general<\/strong>. Se destacan la posibilidad de&nbsp;<strong>desarrollo de actividades cient\u00edficas, la realizaci\u00f3n de programas de formaci\u00f3n Integral y capacitaci\u00f3n conjuntos, el fortalecimiento de la docencia y la elaboraci\u00f3n de actividades de extensi\u00f3n<\/strong>.<\/p>\n\n\n\n<p>En el encuentro los presentes se mostraron entusiasmados por el impacto positivo que esta alianza tendr\u00e1 en la educaci\u00f3n y el desarrollo de ambas instituciones y resaltaron la importancia de trabajar en conjunto para afrontar los desaf\u00edos actuales y futuros en el \u00e1mbito educativo y cient\u00edfico.<\/p>\n\n\n\n<p>Este convenio tendr\u00e1 dos a\u00f1os de duraci\u00f3n y representa un paso significativo en el\u00a0<strong>fortalecimiento de los lazos entre la EUT y la UCALP<\/strong>. La colaboraci\u00f3n permitir\u00e1 un intercambio fruct\u00edfero de conocimientos y experiencias, beneficiando a toda la comunidad acad\u00e9mica y a la sociedad en su conjunto.<\/p>\n\n\n\n<p>FUENTE https:\/\/eut.edu.ar\/archivo\/la-escuela-universitaria-de-teologia-y-la-universidad-catolica-de-la-plata-firman-un-acuerdo-de-colaboracion-academica\/<\/p>\n\n\n\n<figure class=\"wp-container-2 wp-block-gallery-1 wp-block-gallery has-nested-images columns-default is-cropped\">\n<figure class=\"wp-block-image size-large\"><img loading=\"lazy\" width=\"1024\" height=\"683\" data-id=\"42127\"  src=\"https:\/\/www.obispado-mdp.org.ar\/a\/wp-content\/uploads\/2023\/11\/DSC_0751-1-1024x683-1.jpg\" alt=\"\" class=\"wp-image-42127\"\/><\/figure>\n\n\n\n<figure class=\"wp-block-image size-large\"><img loading=\"lazy\" width=\"1024\" height=\"683\" data-id=\"42129\"  src=\"https:\/\/www.obispado-mdp.org.ar\/a\/wp-content\/uploads\/2023\/11\/DSC_0754-1-1024x683-1.jpg\" alt=\"\" class=\"wp-image-42129\"\/><\/figure>\n\n\n\n<figure class=\"wp-block-image size-large\"><img loading=\"lazy\" width=\"660\" height=\"330\" data-id=\"42128\"  src=\"https:\/\/www.obispado-mdp.org.ar\/a\/wp-content\/uploads\/2023\/11\/DSC_0762-660x330-1.jpg\" alt=\"\" class=\"wp-image-42128\"\/><\/figure>\n<\/figure>\n\n\n\n<figure class=\"wp-block-image\"><img alt=\"\"\/><\/figure>\n","protected":false},"excerpt":{"rendered":"<p>La Escuela Universitaria de Teolog\u00eda y la Universidad Cat\u00f3lica de La Plata firman un acuerdo de colaboraci\u00f3n acad\u00e9mica La&nbsp;Escuela Universitaria de Teolog\u00eda de Mar del Plata (EUT)&nbsp;y&nbsp;Universidad Cat\u00f3lica de La Plata (UCALP)&nbsp;firmaron un acuerdo de colaboraci\u00f3n con la finalidad de fortalecer la sinergia entre ambas instituciones y fomentar el desarrollo de una amplia gama de [&hellip;]<\/p>\n","protected":false},"author":4,"featured_media":42130,"comment_status":"open","ping_status":"open","sticky":false,"template":"","format":"standard","meta":{"_et_pb_use_builder":"","_et_pb_old_content":"","_et_gb_content_width":""},"categories":[4,5],"tags":[],"aioseo_notices":[],"_links":{"self":[{"href":"https:\/\/www.obispado-mdp.org.ar\/a\/wp-json\/wp\/v2\/posts\/42126"}],"collection":[{"href":"https:\/\/www.obispado-mdp.org.ar\/a\/wp-json\/wp\/v2\/posts"}],"about":[{"href":"https:\/\/www.obispado-mdp.org.ar\/a\/wp-json\/wp\/v2\/types\/post"}],"author":[{"embeddable":true,"href":"https:\/\/www.obispado-mdp.org.ar\/a\/wp-json\/wp\/v2\/users\/4"}],"replies":[{"embeddable":true,"href":"https:\/\/www.obispado-mdp.org.ar\/a\/wp-json\/wp\/v2\/comments?post=42126"}],"version-history":[{"count":1,"href":"https:\/\/www.obispado-mdp.org.ar\/a\/wp-json\/wp\/v2\/posts\/42126\/revisions"}],"predecessor-version":[{"id":42131,"href":"https:\/\/www.obispado-mdp.org.ar\/a\/wp-json\/wp\/v2\/posts\/42126\/revisions\/42131"}],"wp:featuredmedia":[{"embeddable":true,"href":"https:\/\/www.obispado-mdp.org.ar\/a\/wp-json\/wp\/v2\/media\/42130"}],"wp:attachment":[{"href":"https:\/\/www.obispado-mdp.org.ar\/a\/wp-json\/wp\/v2\/media?parent=42126"}],"wp:term":[{"taxonomy":"category","embeddable":true,"href":"https:\/\/www.obispado-mdp.org.ar\/a\/wp-json\/wp\/v2\/categories?post=42126"},{"taxonomy":"post_tag","embeddable":true,"href":"https:\/\/www.obispado-mdp.org.ar\/a\/wp-json\/wp\/v2\/tags?post=42126"}],"curies":[{"name":"wp","href":"https:\/\/api.w.org\/{rel}","templated":true}]}}