{"id":42149,"date":"2023-11-09T09:18:49","date_gmt":"2023-11-09T12:18:49","guid":{"rendered":"https:\/\/www.obispado-mdp.org.ar\/a\/?p=42149"},"modified":"2023-11-09T09:18:57","modified_gmt":"2023-11-09T12:18:57","slug":"150-anos-de-santa-cecilia-la-capilla-donde-nace-mar-del-plata","status":"publish","type":"post","link":"https:\/\/www.obispado-mdp.org.ar\/a\/150-anos-de-santa-cecilia-la-capilla-donde-nace-mar-del-plata\/","title":{"rendered":"150 A\u00d1OS DE SANTA CECILIA, LA CAPILLA DONDE NACE MAR DEL PLATA."},"content":{"rendered":"\n<p class=\"has-pale-cyan-blue-background-color has-background\"><strong>El pr\u00f3ximo 22 de noviembre celebraremos el 150 aniversario de la inauguraci\u00f3n de la Capilla Santa Cecilia, primera Iglesia de la ciudad de Mar del Plata desde donde se hizo el trazado urbano de la ciudad.<\/strong><\/p>\n\n\n\n<p>Los actos centrales tendr\u00e1n lugar el mismo mi\u00e9rcoles 22 de noviembre, comenzando a las 12 del mediod\u00eda con un toque de campanas al un\u00edsono en todas las parroquias de la ciudad.<\/p>\n\n\n\n<p>A continuaci\u00f3n, desde 15.30hs. la capilla Santa Cecilia, ubicada en C\u00f3rdoba 1338, abrir\u00e1 sus puertas para visitas, y finalmente a las 18hs. se realizar\u00e1 el acto central con la presencia de autoridades locales y de toda la feligres\u00eda que desee acompa\u00f1ar esta celebraci\u00f3n hist\u00f3rica.<\/p>\n\n\n\n<p>Finalizado el acto de las 18hs. se saldr\u00e1 en procesi\u00f3n desde la capilla para finalizar con la Santa Misa en la Catedral de Mar del Plata.<\/p>\n\n\n\n<p><strong>Capilla de Santa Cecilia<\/strong><\/p>\n\n\n\n<p>La hist\u00f3rica Capilla de Santa Cecilia es el edificio m\u00e1s antiguo y emblem\u00e1tico de los que est\u00e1n en pie en Mar del Plata, construido en el a\u00f1o 1873, fecha que se puede leer en su frente, que adem\u00e1s sirvi\u00f3 de base para el trazado de las calles de la ciudad. Fue inaugurada en 1873 y puesto bajo la advocaci\u00f3n de la Virgen y M\u00e1rtir Santa Cecilia, en memoria de Cecilia Robles, esposa del fundador de la ciudad.<\/p>\n\n\n\n<p>La capilla fue la verdadera piedra fundamental de Mar del Plata, pues las calles del plano original del pueblo fueron fijadas a partir de ella. En 1971 fue declarada Monumento Hist\u00f3rico Nacional.<\/p>\n\n\n\n<figure class=\"wp-block-video\"><video controls src=\"https:\/\/www.obispado-mdp.org.ar\/a\/wp-content\/uploads\/2023\/11\/SANTA-CECILIA-150-A.mp4\"><\/video><\/figure>\n","protected":false},"excerpt":{"rendered":"<p>El pr\u00f3ximo 22 de noviembre celebraremos el 150 aniversario de la inauguraci\u00f3n de la Capilla Santa Cecilia, primera Iglesia de la ciudad de Mar del Plata desde donde se hizo el trazado urbano de la ciudad. Los actos centrales tendr\u00e1n lugar el mismo mi\u00e9rcoles 22 de noviembre, comenzando a las 12 del mediod\u00eda con un [&hellip;]<\/p>\n","protected":false},"author":4,"featured_media":42151,"comment_status":"open","ping_status":"open","sticky":false,"template":"","format":"standard","meta":{"_et_pb_use_builder":"","_et_pb_old_content":"","_et_gb_content_width":""},"categories":[4,7],"tags":[],"aioseo_notices":[],"_links":{"self":[{"href":"https:\/\/www.obispado-mdp.org.ar\/a\/wp-json\/wp\/v2\/posts\/42149"}],"collection":[{"href":"https:\/\/www.obispado-mdp.org.ar\/a\/wp-json\/wp\/v2\/posts"}],"about":[{"href":"https:\/\/www.obispado-mdp.org.ar\/a\/wp-json\/wp\/v2\/types\/post"}],"author":[{"embeddable":true,"href":"https:\/\/www.obispado-mdp.org.ar\/a\/wp-json\/wp\/v2\/users\/4"}],"replies":[{"embeddable":true,"href":"https:\/\/www.obispado-mdp.org.ar\/a\/wp-json\/wp\/v2\/comments?post=42149"}],"version-history":[{"count":1,"href":"https:\/\/www.obispado-mdp.org.ar\/a\/wp-json\/wp\/v2\/posts\/42149\/revisions"}],"predecessor-version":[{"id":42152,"href":"https:\/\/www.obispado-mdp.org.ar\/a\/wp-json\/wp\/v2\/posts\/42149\/revisions\/42152"}],"wp:featuredmedia":[{"embeddable":true,"href":"https:\/\/www.obispado-mdp.org.ar\/a\/wp-json\/wp\/v2\/media\/42151"}],"wp:attachment":[{"href":"https:\/\/www.obispado-mdp.org.ar\/a\/wp-json\/wp\/v2\/media?parent=42149"}],"wp:term":[{"taxonomy":"category","embeddable":true,"href":"https:\/\/www.obispado-mdp.org.ar\/a\/wp-json\/wp\/v2\/categories?post=42149"},{"taxonomy":"post_tag","embeddable":true,"href":"https:\/\/www.obispado-mdp.org.ar\/a\/wp-json\/wp\/v2\/tags?post=42149"}],"curies":[{"name":"wp","href":"https:\/\/api.w.org\/{rel}","templated":true}]}}