{"id":42212,"date":"2023-11-22T18:56:33","date_gmt":"2023-11-22T21:56:33","guid":{"rendered":"https:\/\/www.obispado-mdp.org.ar\/a\/?p=42212"},"modified":"2023-11-22T18:56:34","modified_gmt":"2023-11-22T21:56:34","slug":"recordaron-los-150-anos-de-la-capilla-santa-cecilia","status":"publish","type":"post","link":"https:\/\/www.obispado-mdp.org.ar\/a\/recordaron-los-150-anos-de-la-capilla-santa-cecilia\/","title":{"rendered":"RECORDARON LOS 150 A\u00d1OS DE LA CAPILLA SANTA CECILIA"},"content":{"rendered":"\n<p><br>Se realizaron este 22 de noviembre los actos centrales de la iglesia matriz y predio fundacional de la ciudad y fueron presididos por el Administrador diocesano, Pbro. Luis Alb\u00f3niga. Estuvieron presentes juntos a las autoridades del colegio y la comunidad educativa el intendente Guillermo Montenegro, la presidente del HCD, Marina S\u00e1nchez Herrero y los descendientes de la familia Peralta Ramos que fundaron y construyeron la capilla en 1873.<br>Las celebraciones comenzaron hoy a las 12 del mediod\u00eda con un toque de campanas al un\u00edsono en todas las parroquias de la ciudad y luego una visita a la capilla.<br>Durante esta celebraci\u00f3n hist\u00f3rica, en oportunidad de la bendici\u00f3n de una placa recordatoria, el Administrador de la Di\u00f3cesis dijo \u201cCelebramos con alegr\u00eda un siglo y medio de vida de nuestra iglesia matriz, la capilla dedicada a Santa Cecilia. Ella fue la referencia para el trazado urbano y ha sido testigo de la historia y del desarrollo de nuestra hermosa ciudad. Sobre la Sierra de la Chacra, como se denominaba la loma en que est\u00e1 emplazada, miraba al campo y al mar, y se constitu\u00eda como el coraz\u00f3n de la colonia que atraer\u00eda al pa\u00eds entero. Nuestra di\u00f3cesis renueva hoy, como cada 22 de noviembre, el deseo de permanecer velando por la ciudad. Ayer recibimos la alegre noticia de la designaci\u00f3n de nuestro nuevo pastor. Como di\u00f3cesis estamos vigilantes y orantes esperando al padre obispo Jos\u00e9 Mar\u00eda para seguir caminando con \u00e9l\u201d finalizo el Padre Luis Alb\u00f3niga.<\/p>\n\n\n\n<p>A su turno el intendente Montenegro hizo un emocionado recuerdo de sus vivencias en torno a la capilla.<\/p>\n\n\n\n<p>Luego se realiz\u00f3 la procesi\u00f3n y en la Catedral, junto al p\u00e1rroco Ariel Sueiro y los sacerdotes de la di\u00f3cesis celebraron la eucarist\u00eda por los 150 a\u00f1os de la Capilla junto a la comunidad religiosa y educativa de las hermanas del Huerto.<br>Iglesia Catedral de Mar del Plata<br>Conferencia Episcopal Argentina<br>AICA &#8211; Agencia Informativa Cat\u00f3lica Argentina<\/p>\n\n\n\n<figure class=\"wp-container-2 wp-block-gallery-1 wp-block-gallery has-nested-images columns-default is-cropped\">\n<figure class=\"wp-block-image size-large\"><img loading=\"lazy\" width=\"768\" height=\"1024\" data-id=\"42216\"  src=\"https:\/\/www.obispado-mdp.org.ar\/a\/wp-content\/uploads\/2023\/11\/IMG_20231122_182022-768x1024.jpg\" alt=\"\" class=\"wp-image-42216\"\/><\/figure>\n\n\n\n<figure class=\"wp-block-image size-large\"><img loading=\"lazy\" width=\"1024\" height=\"768\" data-id=\"42215\"  src=\"https:\/\/www.obispado-mdp.org.ar\/a\/wp-content\/uploads\/2023\/11\/IMG_20231122_181753-1024x768.jpg\" alt=\"\" class=\"wp-image-42215\"\/><\/figure>\n\n\n\n<figure class=\"wp-block-image size-large\"><img loading=\"lazy\" width=\"1024\" height=\"768\" data-id=\"42219\"  src=\"https:\/\/www.obispado-mdp.org.ar\/a\/wp-content\/uploads\/2023\/11\/IMG_20231122_181547-1024x768.jpg\" alt=\"\" class=\"wp-image-42219\"\/><\/figure>\n\n\n\n<figure class=\"wp-block-image size-large\"><img loading=\"lazy\" width=\"1024\" height=\"768\" data-id=\"42217\"  src=\"https:\/\/www.obispado-mdp.org.ar\/a\/wp-content\/uploads\/2023\/11\/IMG_20231122_180952-1024x768.jpg\" alt=\"\" class=\"wp-image-42217\"\/><\/figure>\n\n\n\n<figure class=\"wp-block-image size-large\"><img loading=\"lazy\" width=\"768\" height=\"1024\" data-id=\"42213\"  src=\"https:\/\/www.obispado-mdp.org.ar\/a\/wp-content\/uploads\/2023\/11\/IMG_20231122_180245-768x1024.jpg\" alt=\"\" class=\"wp-image-42213\"\/><\/figure>\n\n\n\n<figure class=\"wp-block-image size-large\"><img loading=\"lazy\" width=\"1024\" height=\"768\" data-id=\"42214\"  src=\"https:\/\/www.obispado-mdp.org.ar\/a\/wp-content\/uploads\/2023\/11\/IMG_20231122_180058-1024x768.jpg\" alt=\"\" class=\"wp-image-42214\"\/><\/figure>\n\n\n\n<figure class=\"wp-block-image size-large\"><img loading=\"lazy\" width=\"1024\" height=\"768\" data-id=\"42218\"  src=\"https:\/\/www.obispado-mdp.org.ar\/a\/wp-content\/uploads\/2023\/11\/IMG_20231122_180020-1024x768.jpg\" alt=\"\" class=\"wp-image-42218\"\/><\/figure>\n<\/figure>\n","protected":false},"excerpt":{"rendered":"<p>Se realizaron este 22 de noviembre los actos centrales de la iglesia matriz y predio fundacional de la ciudad y fueron presididos por el Administrador diocesano, Pbro. Luis Alb\u00f3niga. Estuvieron presentes juntos a las autoridades del colegio y la comunidad educativa el intendente Guillermo Montenegro, la presidente del HCD, Marina S\u00e1nchez Herrero y los descendientes [&hellip;]<\/p>\n","protected":false},"author":4,"featured_media":42220,"comment_status":"open","ping_status":"open","sticky":false,"template":"","format":"standard","meta":{"_et_pb_use_builder":"","_et_pb_old_content":"","_et_gb_content_width":""},"categories":[4],"tags":[],"aioseo_notices":[],"_links":{"self":[{"href":"https:\/\/www.obispado-mdp.org.ar\/a\/wp-json\/wp\/v2\/posts\/42212"}],"collection":[{"href":"https:\/\/www.obispado-mdp.org.ar\/a\/wp-json\/wp\/v2\/posts"}],"about":[{"href":"https:\/\/www.obispado-mdp.org.ar\/a\/wp-json\/wp\/v2\/types\/post"}],"author":[{"embeddable":true,"href":"https:\/\/www.obispado-mdp.org.ar\/a\/wp-json\/wp\/v2\/users\/4"}],"replies":[{"embeddable":true,"href":"https:\/\/www.obispado-mdp.org.ar\/a\/wp-json\/wp\/v2\/comments?post=42212"}],"version-history":[{"count":1,"href":"https:\/\/www.obispado-mdp.org.ar\/a\/wp-json\/wp\/v2\/posts\/42212\/revisions"}],"predecessor-version":[{"id":42221,"href":"https:\/\/www.obispado-mdp.org.ar\/a\/wp-json\/wp\/v2\/posts\/42212\/revisions\/42221"}],"wp:featuredmedia":[{"embeddable":true,"href":"https:\/\/www.obispado-mdp.org.ar\/a\/wp-json\/wp\/v2\/media\/42220"}],"wp:attachment":[{"href":"https:\/\/www.obispado-mdp.org.ar\/a\/wp-json\/wp\/v2\/media?parent=42212"}],"wp:term":[{"taxonomy":"category","embeddable":true,"href":"https:\/\/www.obispado-mdp.org.ar\/a\/wp-json\/wp\/v2\/categories?post=42212"},{"taxonomy":"post_tag","embeddable":true,"href":"https:\/\/www.obispado-mdp.org.ar\/a\/wp-json\/wp\/v2\/tags?post=42212"}],"curies":[{"name":"wp","href":"https:\/\/api.w.org\/{rel}","templated":true}]}}