{"id":42234,"date":"2023-11-24T17:40:43","date_gmt":"2023-11-24T20:40:43","guid":{"rendered":"https:\/\/www.obispado-mdp.org.ar\/a\/?p=42234"},"modified":"2023-11-24T17:41:01","modified_gmt":"2023-11-24T20:41:01","slug":"sello-postal-del-beato-cardenal-pironio","status":"publish","type":"post","link":"https:\/\/www.obispado-mdp.org.ar\/a\/sello-postal-del-beato-cardenal-pironio\/","title":{"rendered":"SELLO POSTAL DEL BEATO CARDENAL PIRONIO."},"content":{"rendered":"\n<p class=\"has-pale-cyan-blue-background-color has-background\">     <strong>La Oficina de Correos del Vaticano emiti\u00f3 un sello postal en homenaje al Venerable Siervo de Dios Francisco Pironio, cardenal argentino que ser\u00e1 beatificado el pr\u00f3ximo 16 de diciembre.<\/strong><\/p>\n\n\n\n<p>    Se trata de un sello conmemorativo presentado el jueves 23 de noviembre y que honra la memoria del purpurado que est\u00e1 camino a los altares.<\/p>\n\n\n\n<p>En la estampilla se puede ver al Cardenal Pironio con su solideo rojo y de fondo se aprecia la Bas\u00edlica y Santuario Nacional de Nuestra Se\u00f1ora de Luj\u00e1n, templo de gran significado en su vida, pues en este fue bautizado y recibi\u00f3 tanto su ordenaci\u00f3n sacerdotal como la consagraci\u00f3n episcopal. Adem\u00e1s, all\u00ed descansan sus restos.<\/p>\n\n\n\n<p>CEREMONIA DE BEATIFICACION<\/p>\n\n\n\n<p>Tambi\u00e9n en Luj\u00e1n se celebrar\u00e1 el pr\u00f3ximo 16 de diciembre la ceremonia de beatificaci\u00f3n, que estar\u00e1 presidida por el cardenal espa\u00f1ol Fernando V\u00e9rgez \u00c1lzaga, titular de la Gobernaci\u00f3n del Vaticano, quien se desempe\u00f1\u00f3 durante 23 a\u00f1os como secretario del futuro beato.<\/p>\n\n\n\n<p>Conocido como \u201cel profeta de la esperanza\u201d, se destac\u00f3 en el Cardenal Pironio su cercan\u00eda con los j\u00f3venes, impulsando la creaci\u00f3n de las Jornadas Mundiales de la Juventud, que siguen vigentes hoy.<\/p>\n\n\n\n<p>Su figura fue muy importante en la Acci\u00f3n Cat\u00f3lica Argentina y tambi\u00e9n en la Di\u00f3cesis de Mar del Plata, de la que fue su segundo obispo.<\/p>\n\n\n\n<figure class=\"wp-block-image size-large\"><img loading=\"lazy\" width=\"724\" height=\"1024\" src=\"https:\/\/www.obispado-mdp.org.ar\/a\/wp-content\/uploads\/2023\/11\/510321f8-c092-448f-b5d1-7d01fbc4c980-724x1024.jpg\" alt=\"\" class=\"wp-image-42235\"\/><\/figure>\n","protected":false},"excerpt":{"rendered":"<p>La Oficina de Correos del Vaticano emiti\u00f3 un sello postal en homenaje al Venerable Siervo de Dios Francisco Pironio, cardenal argentino que ser\u00e1 beatificado el pr\u00f3ximo 16 de diciembre. Se trata de un sello conmemorativo presentado el jueves 23 de noviembre y que honra la memoria del purpurado que est\u00e1 camino a los altares. En [&hellip;]<\/p>\n","protected":false},"author":4,"featured_media":42236,"comment_status":"open","ping_status":"open","sticky":false,"template":"","format":"standard","meta":{"_et_pb_use_builder":"","_et_pb_old_content":"","_et_gb_content_width":""},"categories":[4],"tags":[],"aioseo_notices":[],"_links":{"self":[{"href":"https:\/\/www.obispado-mdp.org.ar\/a\/wp-json\/wp\/v2\/posts\/42234"}],"collection":[{"href":"https:\/\/www.obispado-mdp.org.ar\/a\/wp-json\/wp\/v2\/posts"}],"about":[{"href":"https:\/\/www.obispado-mdp.org.ar\/a\/wp-json\/wp\/v2\/types\/post"}],"author":[{"embeddable":true,"href":"https:\/\/www.obispado-mdp.org.ar\/a\/wp-json\/wp\/v2\/users\/4"}],"replies":[{"embeddable":true,"href":"https:\/\/www.obispado-mdp.org.ar\/a\/wp-json\/wp\/v2\/comments?post=42234"}],"version-history":[{"count":2,"href":"https:\/\/www.obispado-mdp.org.ar\/a\/wp-json\/wp\/v2\/posts\/42234\/revisions"}],"predecessor-version":[{"id":42238,"href":"https:\/\/www.obispado-mdp.org.ar\/a\/wp-json\/wp\/v2\/posts\/42234\/revisions\/42238"}],"wp:featuredmedia":[{"embeddable":true,"href":"https:\/\/www.obispado-mdp.org.ar\/a\/wp-json\/wp\/v2\/media\/42236"}],"wp:attachment":[{"href":"https:\/\/www.obispado-mdp.org.ar\/a\/wp-json\/wp\/v2\/media?parent=42234"}],"wp:term":[{"taxonomy":"category","embeddable":true,"href":"https:\/\/www.obispado-mdp.org.ar\/a\/wp-json\/wp\/v2\/categories?post=42234"},{"taxonomy":"post_tag","embeddable":true,"href":"https:\/\/www.obispado-mdp.org.ar\/a\/wp-json\/wp\/v2\/tags?post=42234"}],"curies":[{"name":"wp","href":"https:\/\/api.w.org\/{rel}","templated":true}]}}