{"id":42239,"date":"2023-11-25T09:08:41","date_gmt":"2023-11-25T12:08:41","guid":{"rendered":"https:\/\/www.obispado-mdp.org.ar\/a\/?p=42239"},"modified":"2023-11-25T16:47:21","modified_gmt":"2023-11-25T19:47:21","slug":"testimonios-de-la-marcha-de-la-esperanza","status":"publish","type":"post","link":"https:\/\/www.obispado-mdp.org.ar\/a\/testimonios-de-la-marcha-de-la-esperanza\/","title":{"rendered":"TESTIMONIOS DE LA MARCHA DE LA ESPERANZA."},"content":{"rendered":"\n<p>En la 50 edici\u00f3n de la MARCHA DE LA ESPERANZA, les ofrecemons una primera serie de testimonios de los j\u00f3venes que iniciaron la Marcha en 1974 junto al obispo Eduardo Pironio que ser\u00e1 beatificado el 16 de diciembre en Lujan.<\/p>\n\n\n\n<p>Escuchemos al Padre Pablo Etcheareborda, al Lic. Daniel Di B\u00e1rtolo y a Josefina Chino.<\/p>\n\n\n\n<figure class=\"wp-block-video\"><video controls src=\"https:\/\/www.obispado-mdp.org.ar\/a\/wp-content\/uploads\/2023\/11\/Pablo-Etchepareborda-1.mp4\"><\/video><\/figure>\n\n\n\n<figure class=\"wp-block-video\"><video controls src=\"https:\/\/www.obispado-mdp.org.ar\/a\/wp-content\/uploads\/2023\/11\/Daniel-Dibartolo.mp4\"><\/video><\/figure>\n\n\n\n<figure class=\"wp-block-video\"><video controls src=\"https:\/\/www.obispado-mdp.org.ar\/a\/wp-content\/uploads\/2023\/11\/Josefina-Chino.mp4\"><\/video><\/figure>\n","protected":false},"excerpt":{"rendered":"<p>En la 50 edici\u00f3n de la MARCHA DE LA ESPERANZA, les ofrecemons una primera serie de testimonios de los j\u00f3venes que iniciaron la Marcha en 1974 junto al obispo Eduardo Pironio que ser\u00e1 beatificado el 16 de diciembre en Lujan. Escuchemos al Padre Pablo Etcheareborda, al Lic. Daniel Di B\u00e1rtolo y a Josefina Chino.<\/p>\n","protected":false},"author":4,"featured_media":42242,"comment_status":"open","ping_status":"open","sticky":false,"template":"","format":"standard","meta":{"_et_pb_use_builder":"","_et_pb_old_content":"","_et_gb_content_width":""},"categories":[4],"tags":[],"aioseo_notices":[],"_links":{"self":[{"href":"https:\/\/www.obispado-mdp.org.ar\/a\/wp-json\/wp\/v2\/posts\/42239"}],"collection":[{"href":"https:\/\/www.obispado-mdp.org.ar\/a\/wp-json\/wp\/v2\/posts"}],"about":[{"href":"https:\/\/www.obispado-mdp.org.ar\/a\/wp-json\/wp\/v2\/types\/post"}],"author":[{"embeddable":true,"href":"https:\/\/www.obispado-mdp.org.ar\/a\/wp-json\/wp\/v2\/users\/4"}],"replies":[{"embeddable":true,"href":"https:\/\/www.obispado-mdp.org.ar\/a\/wp-json\/wp\/v2\/comments?post=42239"}],"version-history":[{"count":3,"href":"https:\/\/www.obispado-mdp.org.ar\/a\/wp-json\/wp\/v2\/posts\/42239\/revisions"}],"predecessor-version":[{"id":42247,"href":"https:\/\/www.obispado-mdp.org.ar\/a\/wp-json\/wp\/v2\/posts\/42239\/revisions\/42247"}],"wp:featuredmedia":[{"embeddable":true,"href":"https:\/\/www.obispado-mdp.org.ar\/a\/wp-json\/wp\/v2\/media\/42242"}],"wp:attachment":[{"href":"https:\/\/www.obispado-mdp.org.ar\/a\/wp-json\/wp\/v2\/media?parent=42239"}],"wp:term":[{"taxonomy":"category","embeddable":true,"href":"https:\/\/www.obispado-mdp.org.ar\/a\/wp-json\/wp\/v2\/categories?post=42239"},{"taxonomy":"post_tag","embeddable":true,"href":"https:\/\/www.obispado-mdp.org.ar\/a\/wp-json\/wp\/v2\/tags?post=42239"}],"curies":[{"name":"wp","href":"https:\/\/api.w.org\/{rel}","templated":true}]}}