{"id":42251,"date":"2024-01-02T18:30:00","date_gmt":"2024-01-02T21:30:00","guid":{"rendered":"https:\/\/www.obispado-mdp.org.ar\/a\/?p=42251"},"modified":"2023-11-26T07:42:02","modified_gmt":"2023-11-26T10:42:02","slug":"evangelio-segun-san-juan-129-34-4","status":"publish","type":"post","link":"https:\/\/www.obispado-mdp.org.ar\/a\/evangelio-segun-san-juan-129-34-4\/","title":{"rendered":"Evangelio seg\u00fan San\u00a0Juan\u00a01,29-34."},"content":{"rendered":"\n<p>Al d\u00eda siguiente, Juan vio acercarse a Jes\u00fas y dijo: \u00abEste es el Cordero de Dios, que quita el pecado del mundo.<br>A \u00e9l me refer\u00eda, cuando dije: Despu\u00e9s de m\u00ed viene un hombre que me precede, porque exist\u00eda antes que yo.<br>Yo no lo conoc\u00eda, pero he venido a bautizar con agua para que \u00e9l fuera manifestado a Israel\u00bb.<br>Y Juan dio este testimonio: \u00abHe visto al Esp\u00edritu descender del cielo en forma de paloma y permanecer sobre \u00e9l.<br>Yo no lo conoc\u00eda, pero el que me envi\u00f3 a bautizar con agua me dijo: &#8216;Aquel sobre el que veas descender el Esp\u00edritu y permanecer sobre \u00e9l, ese es el que bautiza en el Esp\u00edritu Santo&#8217;.<br>Yo lo he visto y doy testimonio de que \u00e9l es el Hijo de Dios\u00bb.<\/p>\n\n\n\n<p class=\"has-text-align-right\"><em>Extra\u00eddo de la Biblia: Libro del Pueblo de Dios. <\/em><\/p>\n","protected":false},"excerpt":{"rendered":"<p>Al d\u00eda siguiente, Juan vio acercarse a Jes\u00fas y dijo: \u00abEste es el Cordero de Dios, que quita el pecado del mundo.A \u00e9l me refer\u00eda, cuando dije: Despu\u00e9s de m\u00ed viene un hombre que me precede, porque exist\u00eda antes que yo.Yo no lo conoc\u00eda, pero he venido a bautizar con agua para que \u00e9l fuera [&hellip;]<\/p>\n","protected":false},"author":3,"featured_media":31453,"comment_status":"open","ping_status":"closed","sticky":false,"template":"","format":"standard","meta":{"_et_pb_use_builder":"off","_et_pb_old_content":"<!-- wp:paragraph -->\n<p> Al atardecer de ese mismo d\u00eda, el primero de la semana, estando cerradas las puertas del lugar donde se encontraban los disc\u00edpulos, por temor a los jud\u00edos, lleg\u00f3 Jes\u00fas y poni\u00e9ndose en medio de ellos, les dijo: \"\u00a1La paz est\u00e9 con ustedes!\".<br>Mientras dec\u00eda esto, les mostr\u00f3 sus manos y su costado. Los disc\u00edpulos se llenaron de alegr\u00eda cuando vieron al Se\u00f1or.<br>Jes\u00fas les dijo de nuevo: \"\u00a1La paz est\u00e9 con ustedes! Como el Padre me envi\u00f3 a m\u00ed, yo tambi\u00e9n los env\u00edo a ustedes\".<br>Al decirles esto, sopl\u00f3 sobre ellos y a\u00f1adi\u00f3: \"Reciban el Esp\u00edritu Santo.<br>Los pecados ser\u00e1n perdonados a los que ustedes se los perdonen, y ser\u00e1n retenidos a los que ustedes se los retengan\". <\/p>\n<!-- \/wp:paragraph -->\n\n<!-- wp:paragraph {\"align\":\"right\"} -->\n<p class=\"has-text-align-right\"><em>Extra\u00eddo de la Biblia: Libro del Pueblo de Dios. <\/em><\/p>\n<!-- \/wp:paragraph -->","_et_gb_content_width":""},"categories":[6],"tags":[],"aioseo_notices":[],"_links":{"self":[{"href":"https:\/\/www.obispado-mdp.org.ar\/a\/wp-json\/wp\/v2\/posts\/42251"}],"collection":[{"href":"https:\/\/www.obispado-mdp.org.ar\/a\/wp-json\/wp\/v2\/posts"}],"about":[{"href":"https:\/\/www.obispado-mdp.org.ar\/a\/wp-json\/wp\/v2\/types\/post"}],"author":[{"embeddable":true,"href":"https:\/\/www.obispado-mdp.org.ar\/a\/wp-json\/wp\/v2\/users\/3"}],"replies":[{"embeddable":true,"href":"https:\/\/www.obispado-mdp.org.ar\/a\/wp-json\/wp\/v2\/comments?post=42251"}],"version-history":[{"count":1,"href":"https:\/\/www.obispado-mdp.org.ar\/a\/wp-json\/wp\/v2\/posts\/42251\/revisions"}],"predecessor-version":[{"id":42252,"href":"https:\/\/www.obispado-mdp.org.ar\/a\/wp-json\/wp\/v2\/posts\/42251\/revisions\/42252"}],"wp:featuredmedia":[{"embeddable":true,"href":"https:\/\/www.obispado-mdp.org.ar\/a\/wp-json\/wp\/v2\/media\/31453"}],"wp:attachment":[{"href":"https:\/\/www.obispado-mdp.org.ar\/a\/wp-json\/wp\/v2\/media?parent=42251"}],"wp:term":[{"taxonomy":"category","embeddable":true,"href":"https:\/\/www.obispado-mdp.org.ar\/a\/wp-json\/wp\/v2\/categories?post=42251"},{"taxonomy":"post_tag","embeddable":true,"href":"https:\/\/www.obispado-mdp.org.ar\/a\/wp-json\/wp\/v2\/tags?post=42251"}],"curies":[{"name":"wp","href":"https:\/\/api.w.org\/{rel}","templated":true}]}}