{"id":42260,"date":"2024-01-06T18:30:00","date_gmt":"2024-01-06T21:30:00","guid":{"rendered":"https:\/\/www.obispado-mdp.org.ar\/a\/?p=42260"},"modified":"2023-11-26T07:46:55","modified_gmt":"2023-11-26T10:46:55","slug":"evangelio-segun-san-marcos-17-11","status":"publish","type":"post","link":"https:\/\/www.obispado-mdp.org.ar\/a\/evangelio-segun-san-marcos-17-11\/","title":{"rendered":"Evangelio seg\u00fan San\u00a0Marcos\u00a01,7-11."},"content":{"rendered":"\n<p>Juan predicaba, diciendo:<br>\u00abDetr\u00e1s de m\u00ed vendr\u00e1 el que es m\u00e1s poderoso que yo, y yo ni siquiera soy digno de ponerme a sus pies para desatar la correa de sus sandalias.<br>Yo los he bautizado a ustedes con agua, pero \u00e9l los bautizar\u00e1 con el Esp\u00edritu Santo\u00bb.<br>En aquellos d\u00edas, Jes\u00fas lleg\u00f3 desde Nazaret de Galilea y fue bautizado por Juan en el Jord\u00e1n.<br>Y al salir del agua, vio que los cielos se abr\u00edan y que el Esp\u00edritu Santo descend\u00eda sobre \u00e9l como una paloma;<br>y una voz desde el cielo dijo: \u00abT\u00fa eres mi Hijo muy querido, en ti tengo puesta toda mi predilecci\u00f3n.\u00bb<\/p>\n\n\n\n<p class=\"has-text-align-right\"><em>Extra\u00eddo de la Biblia: Libro del Pueblo de Dios. <\/em><\/p>\n","protected":false},"excerpt":{"rendered":"<p>Juan predicaba, diciendo:\u00abDetr\u00e1s de m\u00ed vendr\u00e1 el que es m\u00e1s poderoso que yo, y yo ni siquiera soy digno de ponerme a sus pies para desatar la correa de sus sandalias.Yo los he bautizado a ustedes con agua, pero \u00e9l los bautizar\u00e1 con el Esp\u00edritu Santo\u00bb.En aquellos d\u00edas, Jes\u00fas lleg\u00f3 desde Nazaret de Galilea y [&hellip;]<\/p>\n","protected":false},"author":3,"featured_media":31456,"comment_status":"open","ping_status":"closed","sticky":false,"template":"","format":"standard","meta":{"_et_pb_use_builder":"off","_et_pb_old_content":"<!-- wp:paragraph -->\n<p> Al atardecer de ese mismo d\u00eda, el primero de la semana, estando cerradas las puertas del lugar donde se encontraban los disc\u00edpulos, por temor a los jud\u00edos, lleg\u00f3 Jes\u00fas y poni\u00e9ndose en medio de ellos, les dijo: \"\u00a1La paz est\u00e9 con ustedes!\".<br>Mientras dec\u00eda esto, les mostr\u00f3 sus manos y su costado. Los disc\u00edpulos se llenaron de alegr\u00eda cuando vieron al Se\u00f1or.<br>Jes\u00fas les dijo de nuevo: \"\u00a1La paz est\u00e9 con ustedes! Como el Padre me envi\u00f3 a m\u00ed, yo tambi\u00e9n los env\u00edo a ustedes\".<br>Al decirles esto, sopl\u00f3 sobre ellos y a\u00f1adi\u00f3: \"Reciban el Esp\u00edritu Santo.<br>Los pecados ser\u00e1n perdonados a los que ustedes se los perdonen, y ser\u00e1n retenidos a los que ustedes se los retengan\". <\/p>\n<!-- \/wp:paragraph -->\n\n<!-- wp:paragraph {\"align\":\"right\"} -->\n<p class=\"has-text-align-right\"><em>Extra\u00eddo de la Biblia: Libro del Pueblo de Dios. <\/em><\/p>\n<!-- \/wp:paragraph -->","_et_gb_content_width":""},"categories":[6],"tags":[],"aioseo_notices":[],"_links":{"self":[{"href":"https:\/\/www.obispado-mdp.org.ar\/a\/wp-json\/wp\/v2\/posts\/42260"}],"collection":[{"href":"https:\/\/www.obispado-mdp.org.ar\/a\/wp-json\/wp\/v2\/posts"}],"about":[{"href":"https:\/\/www.obispado-mdp.org.ar\/a\/wp-json\/wp\/v2\/types\/post"}],"author":[{"embeddable":true,"href":"https:\/\/www.obispado-mdp.org.ar\/a\/wp-json\/wp\/v2\/users\/3"}],"replies":[{"embeddable":true,"href":"https:\/\/www.obispado-mdp.org.ar\/a\/wp-json\/wp\/v2\/comments?post=42260"}],"version-history":[{"count":1,"href":"https:\/\/www.obispado-mdp.org.ar\/a\/wp-json\/wp\/v2\/posts\/42260\/revisions"}],"predecessor-version":[{"id":42261,"href":"https:\/\/www.obispado-mdp.org.ar\/a\/wp-json\/wp\/v2\/posts\/42260\/revisions\/42261"}],"wp:featuredmedia":[{"embeddable":true,"href":"https:\/\/www.obispado-mdp.org.ar\/a\/wp-json\/wp\/v2\/media\/31456"}],"wp:attachment":[{"href":"https:\/\/www.obispado-mdp.org.ar\/a\/wp-json\/wp\/v2\/media?parent=42260"}],"wp:term":[{"taxonomy":"category","embeddable":true,"href":"https:\/\/www.obispado-mdp.org.ar\/a\/wp-json\/wp\/v2\/categories?post=42260"},{"taxonomy":"post_tag","embeddable":true,"href":"https:\/\/www.obispado-mdp.org.ar\/a\/wp-json\/wp\/v2\/tags?post=42260"}],"curies":[{"name":"wp","href":"https:\/\/api.w.org\/{rel}","templated":true}]}}