{"id":42270,"date":"2024-01-11T18:30:00","date_gmt":"2024-01-11T21:30:00","guid":{"rendered":"https:\/\/www.obispado-mdp.org.ar\/a\/?p=42270"},"modified":"2023-11-26T08:15:48","modified_gmt":"2023-11-26T11:15:48","slug":"evangelio-segun-san-marcos-21-12-4","status":"publish","type":"post","link":"https:\/\/www.obispado-mdp.org.ar\/a\/evangelio-segun-san-marcos-21-12-4\/","title":{"rendered":"Evangelio seg\u00fan San\u00a0Marcos\u00a02,1-12."},"content":{"rendered":"\n<p>Jes\u00fas volvi\u00f3 a Cafarna\u00fan y se difundi\u00f3 la noticia de que estaba en la casa.<br>Se reuni\u00f3 tanta gente, que no hab\u00eda m\u00e1s lugar ni siquiera delante de la puerta, y \u00e9l les anunciaba la Palabra.<br>Le trajeron entonces a un paral\u00edtico, llev\u00e1ndolo entre cuatro hombres.<br>Y como no pod\u00edan acercarlo a \u00e9l, a causa de la multitud, levantaron el techo sobre el lugar donde Jes\u00fas estaba, y haciendo un agujero descolgaron la camilla con el paral\u00edtico.<br>Al ver la fe de esos hombres, Jes\u00fas dijo al paral\u00edtico: \u00abHijo, tus pecados te son perdonados\u00bb.<br>Unos escribas que estaban sentados all\u00ed pensaban en su interior:<br>\u00ab\u00bfQu\u00e9 est\u00e1 diciendo este hombre? \u00a1Est\u00e1 blasfemando! \u00bfQui\u00e9n puede perdonar los pecados, sino s\u00f3lo Dios?\u00bb<br>Jes\u00fas, advirtiendo en seguida que pensaban as\u00ed, les dijo: \u00ab\u00bfQu\u00e9 est\u00e1n pensando?<br>\u00bfQu\u00e9 es m\u00e1s f\u00e1cil, decir al paral\u00edtico: &#8216;Tus pecados te son perdonados&#8217;, o &#8216;Lev\u00e1ntate, toma tu camilla y camina&#8217;?<br>Para que ustedes sepan que el Hijo del hombre tiene sobre la tierra el poder de perdonar los pecados<br>-dijo al paral\u00edtico- yo te lo mando, lev\u00e1ntate, toma tu camilla y vete a tu casa\u00bb.<br>El se levant\u00f3 en seguida, tom\u00f3 su camilla y sali\u00f3 a la vista de todos. La gente qued\u00f3 asombrada y glorificaba a Dios, diciendo: \u00abNunca hemos visto nada igual\u00bb.<\/p>\n\n\n\n<p class=\"has-text-align-right\"><em>Extra\u00eddo de la Biblia: Libro del Pueblo de Dios. <\/em><\/p>\n","protected":false},"excerpt":{"rendered":"<p>Jes\u00fas volvi\u00f3 a Cafarna\u00fan y se difundi\u00f3 la noticia de que estaba en la casa.Se reuni\u00f3 tanta gente, que no hab\u00eda m\u00e1s lugar ni siquiera delante de la puerta, y \u00e9l les anunciaba la Palabra.Le trajeron entonces a un paral\u00edtico, llev\u00e1ndolo entre cuatro hombres.Y como no pod\u00edan acercarlo a \u00e9l, a causa de la multitud, [&hellip;]<\/p>\n","protected":false},"author":3,"featured_media":31455,"comment_status":"open","ping_status":"closed","sticky":false,"template":"","format":"standard","meta":{"_et_pb_use_builder":"off","_et_pb_old_content":"<!-- wp:paragraph -->\n<p> Al atardecer de ese mismo d\u00eda, el primero de la semana, estando cerradas las puertas del lugar donde se encontraban los disc\u00edpulos, por temor a los jud\u00edos, lleg\u00f3 Jes\u00fas y poni\u00e9ndose en medio de ellos, les dijo: \"\u00a1La paz est\u00e9 con ustedes!\".<br>Mientras dec\u00eda esto, les mostr\u00f3 sus manos y su costado. Los disc\u00edpulos se llenaron de alegr\u00eda cuando vieron al Se\u00f1or.<br>Jes\u00fas les dijo de nuevo: \"\u00a1La paz est\u00e9 con ustedes! Como el Padre me envi\u00f3 a m\u00ed, yo tambi\u00e9n los env\u00edo a ustedes\".<br>Al decirles esto, sopl\u00f3 sobre ellos y a\u00f1adi\u00f3: \"Reciban el Esp\u00edritu Santo.<br>Los pecados ser\u00e1n perdonados a los que ustedes se los perdonen, y ser\u00e1n retenidos a los que ustedes se los retengan\". <\/p>\n<!-- \/wp:paragraph -->\n\n<!-- wp:paragraph {\"align\":\"right\"} -->\n<p class=\"has-text-align-right\"><em>Extra\u00eddo de la Biblia: Libro del Pueblo de Dios. <\/em><\/p>\n<!-- \/wp:paragraph -->","_et_gb_content_width":""},"categories":[6],"tags":[],"aioseo_notices":[],"_links":{"self":[{"href":"https:\/\/www.obispado-mdp.org.ar\/a\/wp-json\/wp\/v2\/posts\/42270"}],"collection":[{"href":"https:\/\/www.obispado-mdp.org.ar\/a\/wp-json\/wp\/v2\/posts"}],"about":[{"href":"https:\/\/www.obispado-mdp.org.ar\/a\/wp-json\/wp\/v2\/types\/post"}],"author":[{"embeddable":true,"href":"https:\/\/www.obispado-mdp.org.ar\/a\/wp-json\/wp\/v2\/users\/3"}],"replies":[{"embeddable":true,"href":"https:\/\/www.obispado-mdp.org.ar\/a\/wp-json\/wp\/v2\/comments?post=42270"}],"version-history":[{"count":1,"href":"https:\/\/www.obispado-mdp.org.ar\/a\/wp-json\/wp\/v2\/posts\/42270\/revisions"}],"predecessor-version":[{"id":42271,"href":"https:\/\/www.obispado-mdp.org.ar\/a\/wp-json\/wp\/v2\/posts\/42270\/revisions\/42271"}],"wp:featuredmedia":[{"embeddable":true,"href":"https:\/\/www.obispado-mdp.org.ar\/a\/wp-json\/wp\/v2\/media\/31455"}],"wp:attachment":[{"href":"https:\/\/www.obispado-mdp.org.ar\/a\/wp-json\/wp\/v2\/media?parent=42270"}],"wp:term":[{"taxonomy":"category","embeddable":true,"href":"https:\/\/www.obispado-mdp.org.ar\/a\/wp-json\/wp\/v2\/categories?post=42270"},{"taxonomy":"post_tag","embeddable":true,"href":"https:\/\/www.obispado-mdp.org.ar\/a\/wp-json\/wp\/v2\/tags?post=42270"}],"curies":[{"name":"wp","href":"https:\/\/api.w.org\/{rel}","templated":true}]}}