{"id":42274,"date":"2024-01-13T18:30:00","date_gmt":"2024-01-13T21:30:00","guid":{"rendered":"https:\/\/www.obispado-mdp.org.ar\/a\/?p=42274"},"modified":"2023-11-26T08:17:50","modified_gmt":"2023-11-26T11:17:50","slug":"evangelio-segun-san-juan-135-42-4","status":"publish","type":"post","link":"https:\/\/www.obispado-mdp.org.ar\/a\/evangelio-segun-san-juan-135-42-4\/","title":{"rendered":"Evangelio seg\u00fan San\u00a0Juan\u00a01,35-42."},"content":{"rendered":"\n<p>Estaba Juan Bautista otra vez all\u00ed con dos de sus disc\u00edpulos<br>y, mirando a Jes\u00fas que pasaba, dijo: \u00abEste es el Cordero de Dios\u00bb.<br>Los dos disc\u00edpulos, al o\u00edrlo hablar as\u00ed, siguieron a Jes\u00fas.<br>El se dio vuelta y, viendo que lo segu\u00edan, les pregunt\u00f3: \u00ab\u00bfQu\u00e9 quieren?\u00bb. Ellos le respondieron: \u00abRabb\u00ed -que traducido significa Maestro- \u00bfd\u00f3nde vives?\u00bb.<br>\u00abVengan y lo ver\u00e1n\u00bb, les dijo. Fueron, vieron d\u00f3nde viv\u00eda y se quedaron con \u00e9l ese d\u00eda. Era alrededor de las cuatro de la tarde.<br>Uno de los dos que oyeron las palabras de Juan y siguieron a Jes\u00fas era Andr\u00e9s, el hermano de Sim\u00f3n Pedro.<br>Al primero que encontr\u00f3 fue a su propio hermano Sim\u00f3n, y le dijo: \u00abHemos encontrado al Mes\u00edas\u00bb, que traducido significa Cristo.<br>Entonces lo llev\u00f3 a donde estaba Jes\u00fas. Jes\u00fas lo mir\u00f3 y le dijo: \u00abT\u00fa eres Sim\u00f3n, el hijo de Juan: t\u00fa te llamar\u00e1s Cefas\u00bb, que traducido significa Pedro.<\/p>\n\n\n\n<p class=\"has-text-align-right\"><em>Extra\u00eddo de la Biblia: Libro del Pueblo de Dios. <\/em><\/p>\n","protected":false},"excerpt":{"rendered":"<p>Estaba Juan Bautista otra vez all\u00ed con dos de sus disc\u00edpulosy, mirando a Jes\u00fas que pasaba, dijo: \u00abEste es el Cordero de Dios\u00bb.Los dos disc\u00edpulos, al o\u00edrlo hablar as\u00ed, siguieron a Jes\u00fas.El se dio vuelta y, viendo que lo segu\u00edan, les pregunt\u00f3: \u00ab\u00bfQu\u00e9 quieren?\u00bb. Ellos le respondieron: \u00abRabb\u00ed -que traducido significa Maestro- \u00bfd\u00f3nde vives?\u00bb.\u00abVengan y [&hellip;]<\/p>\n","protected":false},"author":3,"featured_media":31456,"comment_status":"open","ping_status":"closed","sticky":false,"template":"","format":"standard","meta":{"_et_pb_use_builder":"off","_et_pb_old_content":"<!-- wp:paragraph -->\n<p> Al atardecer de ese mismo d\u00eda, el primero de la semana, estando cerradas las puertas del lugar donde se encontraban los disc\u00edpulos, por temor a los jud\u00edos, lleg\u00f3 Jes\u00fas y poni\u00e9ndose en medio de ellos, les dijo: \"\u00a1La paz est\u00e9 con ustedes!\".<br>Mientras dec\u00eda esto, les mostr\u00f3 sus manos y su costado. Los disc\u00edpulos se llenaron de alegr\u00eda cuando vieron al Se\u00f1or.<br>Jes\u00fas les dijo de nuevo: \"\u00a1La paz est\u00e9 con ustedes! Como el Padre me envi\u00f3 a m\u00ed, yo tambi\u00e9n los env\u00edo a ustedes\".<br>Al decirles esto, sopl\u00f3 sobre ellos y a\u00f1adi\u00f3: \"Reciban el Esp\u00edritu Santo.<br>Los pecados ser\u00e1n perdonados a los que ustedes se los perdonen, y ser\u00e1n retenidos a los que ustedes se los retengan\". <\/p>\n<!-- \/wp:paragraph -->\n\n<!-- wp:paragraph {\"align\":\"right\"} -->\n<p class=\"has-text-align-right\"><em>Extra\u00eddo de la Biblia: Libro del Pueblo de Dios. <\/em><\/p>\n<!-- \/wp:paragraph -->","_et_gb_content_width":""},"categories":[6],"tags":[],"aioseo_notices":[],"_links":{"self":[{"href":"https:\/\/www.obispado-mdp.org.ar\/a\/wp-json\/wp\/v2\/posts\/42274"}],"collection":[{"href":"https:\/\/www.obispado-mdp.org.ar\/a\/wp-json\/wp\/v2\/posts"}],"about":[{"href":"https:\/\/www.obispado-mdp.org.ar\/a\/wp-json\/wp\/v2\/types\/post"}],"author":[{"embeddable":true,"href":"https:\/\/www.obispado-mdp.org.ar\/a\/wp-json\/wp\/v2\/users\/3"}],"replies":[{"embeddable":true,"href":"https:\/\/www.obispado-mdp.org.ar\/a\/wp-json\/wp\/v2\/comments?post=42274"}],"version-history":[{"count":1,"href":"https:\/\/www.obispado-mdp.org.ar\/a\/wp-json\/wp\/v2\/posts\/42274\/revisions"}],"predecessor-version":[{"id":42275,"href":"https:\/\/www.obispado-mdp.org.ar\/a\/wp-json\/wp\/v2\/posts\/42274\/revisions\/42275"}],"wp:featuredmedia":[{"embeddable":true,"href":"https:\/\/www.obispado-mdp.org.ar\/a\/wp-json\/wp\/v2\/media\/31456"}],"wp:attachment":[{"href":"https:\/\/www.obispado-mdp.org.ar\/a\/wp-json\/wp\/v2\/media?parent=42274"}],"wp:term":[{"taxonomy":"category","embeddable":true,"href":"https:\/\/www.obispado-mdp.org.ar\/a\/wp-json\/wp\/v2\/categories?post=42274"},{"taxonomy":"post_tag","embeddable":true,"href":"https:\/\/www.obispado-mdp.org.ar\/a\/wp-json\/wp\/v2\/tags?post=42274"}],"curies":[{"name":"wp","href":"https:\/\/api.w.org\/{rel}","templated":true}]}}