{"id":42288,"date":"2024-01-20T18:30:00","date_gmt":"2024-01-20T21:30:00","guid":{"rendered":"https:\/\/www.obispado-mdp.org.ar\/a\/?p=42288"},"modified":"2023-11-26T08:23:42","modified_gmt":"2023-11-26T11:23:42","slug":"evangelio-segun-san-marcos-114-20-4","status":"publish","type":"post","link":"https:\/\/www.obispado-mdp.org.ar\/a\/evangelio-segun-san-marcos-114-20-4\/","title":{"rendered":"Evangelio seg\u00fan San\u00a0Marcos\u00a01,14-20."},"content":{"rendered":"\n<p>Despu\u00e9s que Juan fue arrestado, Jes\u00fas se dirigi\u00f3 a Galilea. All\u00ed proclamaba la Buena Noticia de Dios, diciendo:<br>\u00abEl tiempo se ha cumplido: el Reino de Dios est\u00e1 cerca. Convi\u00e9rtanse y crean en la Buena Noticia\u00bb.<br>Mientras iba por la orilla del mar de Galilea, vio a Sim\u00f3n y a su hermano Andr\u00e9s, que echaban las redes en el agua, porque eran pescadores.<br>Jes\u00fas les dijo: \u00abS\u00edganme, y yo los har\u00e9 pescadores de hombres\u00bb.<br>Inmediatamente, ellos dejaron sus redes y lo siguieron.<br>Y avanzando un poco, vio a Santiago, hijo de Zebedeo, y a su hermano Juan, que estaban tambi\u00e9n en su barca arreglando las redes. En seguida los llam\u00f3,<br>y ellos, dejando en la barca a su padre Zebedeo con los jornaleros, lo siguieron.<\/p>\n\n\n\n<p class=\"has-text-align-right\"><em>Extra\u00eddo de la Biblia: Libro del Pueblo de Dios. <\/em><\/p>\n","protected":false},"excerpt":{"rendered":"<p>Despu\u00e9s que Juan fue arrestado, Jes\u00fas se dirigi\u00f3 a Galilea. All\u00ed proclamaba la Buena Noticia de Dios, diciendo:\u00abEl tiempo se ha cumplido: el Reino de Dios est\u00e1 cerca. Convi\u00e9rtanse y crean en la Buena Noticia\u00bb.Mientras iba por la orilla del mar de Galilea, vio a Sim\u00f3n y a su hermano Andr\u00e9s, que echaban las redes [&hellip;]<\/p>\n","protected":false},"author":3,"featured_media":31456,"comment_status":"open","ping_status":"closed","sticky":false,"template":"","format":"standard","meta":{"_et_pb_use_builder":"off","_et_pb_old_content":"<!-- wp:paragraph -->\n<p> Al atardecer de ese mismo d\u00eda, el primero de la semana, estando cerradas las puertas del lugar donde se encontraban los disc\u00edpulos, por temor a los jud\u00edos, lleg\u00f3 Jes\u00fas y poni\u00e9ndose en medio de ellos, les dijo: \"\u00a1La paz est\u00e9 con ustedes!\".<br>Mientras dec\u00eda esto, les mostr\u00f3 sus manos y su costado. Los disc\u00edpulos se llenaron de alegr\u00eda cuando vieron al Se\u00f1or.<br>Jes\u00fas les dijo de nuevo: \"\u00a1La paz est\u00e9 con ustedes! Como el Padre me envi\u00f3 a m\u00ed, yo tambi\u00e9n los env\u00edo a ustedes\".<br>Al decirles esto, sopl\u00f3 sobre ellos y a\u00f1adi\u00f3: \"Reciban el Esp\u00edritu Santo.<br>Los pecados ser\u00e1n perdonados a los que ustedes se los perdonen, y ser\u00e1n retenidos a los que ustedes se los retengan\". <\/p>\n<!-- \/wp:paragraph -->\n\n<!-- wp:paragraph {\"align\":\"right\"} -->\n<p class=\"has-text-align-right\"><em>Extra\u00eddo de la Biblia: Libro del Pueblo de Dios. <\/em><\/p>\n<!-- \/wp:paragraph -->","_et_gb_content_width":""},"categories":[6],"tags":[],"aioseo_notices":[],"_links":{"self":[{"href":"https:\/\/www.obispado-mdp.org.ar\/a\/wp-json\/wp\/v2\/posts\/42288"}],"collection":[{"href":"https:\/\/www.obispado-mdp.org.ar\/a\/wp-json\/wp\/v2\/posts"}],"about":[{"href":"https:\/\/www.obispado-mdp.org.ar\/a\/wp-json\/wp\/v2\/types\/post"}],"author":[{"embeddable":true,"href":"https:\/\/www.obispado-mdp.org.ar\/a\/wp-json\/wp\/v2\/users\/3"}],"replies":[{"embeddable":true,"href":"https:\/\/www.obispado-mdp.org.ar\/a\/wp-json\/wp\/v2\/comments?post=42288"}],"version-history":[{"count":1,"href":"https:\/\/www.obispado-mdp.org.ar\/a\/wp-json\/wp\/v2\/posts\/42288\/revisions"}],"predecessor-version":[{"id":42289,"href":"https:\/\/www.obispado-mdp.org.ar\/a\/wp-json\/wp\/v2\/posts\/42288\/revisions\/42289"}],"wp:featuredmedia":[{"embeddable":true,"href":"https:\/\/www.obispado-mdp.org.ar\/a\/wp-json\/wp\/v2\/media\/31456"}],"wp:attachment":[{"href":"https:\/\/www.obispado-mdp.org.ar\/a\/wp-json\/wp\/v2\/media?parent=42288"}],"wp:term":[{"taxonomy":"category","embeddable":true,"href":"https:\/\/www.obispado-mdp.org.ar\/a\/wp-json\/wp\/v2\/categories?post=42288"},{"taxonomy":"post_tag","embeddable":true,"href":"https:\/\/www.obispado-mdp.org.ar\/a\/wp-json\/wp\/v2\/tags?post=42288"}],"curies":[{"name":"wp","href":"https:\/\/api.w.org\/{rel}","templated":true}]}}