{"id":42298,"date":"2024-01-25T18:30:00","date_gmt":"2024-01-25T21:30:00","guid":{"rendered":"https:\/\/www.obispado-mdp.org.ar\/a\/?p=42298"},"modified":"2023-11-26T08:28:00","modified_gmt":"2023-11-26T11:28:00","slug":"evangelio-segun-san-lucas-101-9-6","status":"publish","type":"post","link":"https:\/\/www.obispado-mdp.org.ar\/a\/evangelio-segun-san-lucas-101-9-6\/","title":{"rendered":"Evangelio seg\u00fan San\u00a0Lucas\u00a010,1-9."},"content":{"rendered":"\n<p>El Se\u00f1or design\u00f3 a otros setenta y dos, y los envi\u00f3 de dos en dos para que lo precedieran en todas las ciudades y sitios adonde \u00e9l deb\u00eda ir.<br>Y les dijo: \u00abLa cosecha es abundante, pero los trabajadores son pocos. Rueguen al due\u00f1o de los sembrados que env\u00ede trabajadores para la cosecha.<br>\u00a1Vayan! Yo los env\u00edo como a ovejas en medio de lobos.<br>No lleven dinero, ni alforja, ni calzado, y no se detengan a saludar a nadie por el camino.<br>Al entrar en una casa, digan primero: &#8216;\u00a1Que descienda la paz sobre esta casa!&#8217;.<br>Y si hay all\u00ed alguien digno de recibirla, esa paz reposar\u00e1 sobre \u00e9l; de lo contrario, volver\u00e1 a ustedes.<br>Permanezcan en esa misma casa, comiendo y bebiendo de lo que haya, porque el que trabaja merece su salario. No vayan de casa en casa.<br>En las ciudades donde entren y sean recibidos, coman lo que les sirvan;<br>curen a sus enfermos y digan a la gente: &#8216;El Reino de Dios est\u00e1 cerca de ustedes&#8217;.\u00bb<\/p>\n\n\n\n<p class=\"has-text-align-right\"><em>Extra\u00eddo de la Biblia: Libro del Pueblo de Dios. <\/em><\/p>\n","protected":false},"excerpt":{"rendered":"<p>El Se\u00f1or design\u00f3 a otros setenta y dos, y los envi\u00f3 de dos en dos para que lo precedieran en todas las ciudades y sitios adonde \u00e9l deb\u00eda ir.Y les dijo: \u00abLa cosecha es abundante, pero los trabajadores son pocos. Rueguen al due\u00f1o de los sembrados que env\u00ede trabajadores para la cosecha.\u00a1Vayan! Yo los env\u00edo [&hellip;]<\/p>\n","protected":false},"author":3,"featured_media":31455,"comment_status":"open","ping_status":"closed","sticky":false,"template":"","format":"standard","meta":{"_et_pb_use_builder":"off","_et_pb_old_content":"<!-- wp:paragraph -->\n<p> Al atardecer de ese mismo d\u00eda, el primero de la semana, estando cerradas las puertas del lugar donde se encontraban los disc\u00edpulos, por temor a los jud\u00edos, lleg\u00f3 Jes\u00fas y poni\u00e9ndose en medio de ellos, les dijo: \"\u00a1La paz est\u00e9 con ustedes!\".<br>Mientras dec\u00eda esto, les mostr\u00f3 sus manos y su costado. Los disc\u00edpulos se llenaron de alegr\u00eda cuando vieron al Se\u00f1or.<br>Jes\u00fas les dijo de nuevo: \"\u00a1La paz est\u00e9 con ustedes! Como el Padre me envi\u00f3 a m\u00ed, yo tambi\u00e9n los env\u00edo a ustedes\".<br>Al decirles esto, sopl\u00f3 sobre ellos y a\u00f1adi\u00f3: \"Reciban el Esp\u00edritu Santo.<br>Los pecados ser\u00e1n perdonados a los que ustedes se los perdonen, y ser\u00e1n retenidos a los que ustedes se los retengan\". <\/p>\n<!-- \/wp:paragraph -->\n\n<!-- wp:paragraph {\"align\":\"right\"} -->\n<p class=\"has-text-align-right\"><em>Extra\u00eddo de la Biblia: Libro del Pueblo de Dios. <\/em><\/p>\n<!-- \/wp:paragraph -->","_et_gb_content_width":""},"categories":[6],"tags":[],"aioseo_notices":[],"_links":{"self":[{"href":"https:\/\/www.obispado-mdp.org.ar\/a\/wp-json\/wp\/v2\/posts\/42298"}],"collection":[{"href":"https:\/\/www.obispado-mdp.org.ar\/a\/wp-json\/wp\/v2\/posts"}],"about":[{"href":"https:\/\/www.obispado-mdp.org.ar\/a\/wp-json\/wp\/v2\/types\/post"}],"author":[{"embeddable":true,"href":"https:\/\/www.obispado-mdp.org.ar\/a\/wp-json\/wp\/v2\/users\/3"}],"replies":[{"embeddable":true,"href":"https:\/\/www.obispado-mdp.org.ar\/a\/wp-json\/wp\/v2\/comments?post=42298"}],"version-history":[{"count":1,"href":"https:\/\/www.obispado-mdp.org.ar\/a\/wp-json\/wp\/v2\/posts\/42298\/revisions"}],"predecessor-version":[{"id":42299,"href":"https:\/\/www.obispado-mdp.org.ar\/a\/wp-json\/wp\/v2\/posts\/42298\/revisions\/42299"}],"wp:featuredmedia":[{"embeddable":true,"href":"https:\/\/www.obispado-mdp.org.ar\/a\/wp-json\/wp\/v2\/media\/31455"}],"wp:attachment":[{"href":"https:\/\/www.obispado-mdp.org.ar\/a\/wp-json\/wp\/v2\/media?parent=42298"}],"wp:term":[{"taxonomy":"category","embeddable":true,"href":"https:\/\/www.obispado-mdp.org.ar\/a\/wp-json\/wp\/v2\/categories?post=42298"},{"taxonomy":"post_tag","embeddable":true,"href":"https:\/\/www.obispado-mdp.org.ar\/a\/wp-json\/wp\/v2\/tags?post=42298"}],"curies":[{"name":"wp","href":"https:\/\/api.w.org\/{rel}","templated":true}]}}