{"id":42302,"date":"2024-01-27T18:30:00","date_gmt":"2024-01-27T21:30:00","guid":{"rendered":"https:\/\/www.obispado-mdp.org.ar\/a\/?p=42302"},"modified":"2023-11-26T08:29:32","modified_gmt":"2023-11-26T11:29:32","slug":"evangelio-segun-san-marcos-121-28","status":"publish","type":"post","link":"https:\/\/www.obispado-mdp.org.ar\/a\/evangelio-segun-san-marcos-121-28\/","title":{"rendered":"Evangelio seg\u00fan San\u00a0Marcos\u00a01,21-28."},"content":{"rendered":"\n<p>Entraron en Cafarna\u00fan, y cuando lleg\u00f3 el s\u00e1bado, Jes\u00fas fue a la sinagoga y comenz\u00f3 a ense\u00f1ar.<br>Todos estaban asombrados de su ense\u00f1anza, porque les ense\u00f1aba como quien tiene autoridad y no como los escribas.<br>Y hab\u00eda en la sinagoga un hombre pose\u00eddo de un esp\u00edritu impuro, que comenz\u00f3 a gritar:<br>\u00ab\u00bfQu\u00e9 quieres de nosotros, Jes\u00fas Nazareno? \u00bfHas venido para acabar con nosotros? Ya s\u00e9 qui\u00e9n eres: el Santo de Dios\u00bb.<br>Pero Jes\u00fas lo increp\u00f3, diciendo: \u00abC\u00e1llate y sal de este hombre\u00bb.<br>El esp\u00edritu impuro lo sacudi\u00f3 violentamente y, dando un gran alarido, sali\u00f3 de ese hombre.<br>Todos quedaron asombrados y se preguntaban unos a otros: \u00ab\u00bfQu\u00e9 es esto? \u00a1Ense\u00f1a de una manera nueva, llena de autoridad; da \u00f3rdenes a los esp\u00edritus impuros, y estos le obedecen!\u00bb.<br>Y su fama se extendi\u00f3 r\u00e1pidamente por todas partes, en toda la regi\u00f3n de Galilea.<\/p>\n\n\n\n<p class=\"has-text-align-right\"><em>Extra\u00eddo de la Biblia: Libro del Pueblo de Dios. <\/em><\/p>\n","protected":false},"excerpt":{"rendered":"<p>Entraron en Cafarna\u00fan, y cuando lleg\u00f3 el s\u00e1bado, Jes\u00fas fue a la sinagoga y comenz\u00f3 a ense\u00f1ar.Todos estaban asombrados de su ense\u00f1anza, porque les ense\u00f1aba como quien tiene autoridad y no como los escribas.Y hab\u00eda en la sinagoga un hombre pose\u00eddo de un esp\u00edritu impuro, que comenz\u00f3 a gritar:\u00ab\u00bfQu\u00e9 quieres de nosotros, Jes\u00fas Nazareno? \u00bfHas [&hellip;]<\/p>\n","protected":false},"author":3,"featured_media":31456,"comment_status":"open","ping_status":"closed","sticky":false,"template":"","format":"standard","meta":{"_et_pb_use_builder":"off","_et_pb_old_content":"<!-- wp:paragraph -->\n<p> Al atardecer de ese mismo d\u00eda, el primero de la semana, estando cerradas las puertas del lugar donde se encontraban los disc\u00edpulos, por temor a los jud\u00edos, lleg\u00f3 Jes\u00fas y poni\u00e9ndose en medio de ellos, les dijo: \"\u00a1La paz est\u00e9 con ustedes!\".<br>Mientras dec\u00eda esto, les mostr\u00f3 sus manos y su costado. Los disc\u00edpulos se llenaron de alegr\u00eda cuando vieron al Se\u00f1or.<br>Jes\u00fas les dijo de nuevo: \"\u00a1La paz est\u00e9 con ustedes! Como el Padre me envi\u00f3 a m\u00ed, yo tambi\u00e9n los env\u00edo a ustedes\".<br>Al decirles esto, sopl\u00f3 sobre ellos y a\u00f1adi\u00f3: \"Reciban el Esp\u00edritu Santo.<br>Los pecados ser\u00e1n perdonados a los que ustedes se los perdonen, y ser\u00e1n retenidos a los que ustedes se los retengan\". <\/p>\n<!-- \/wp:paragraph -->\n\n<!-- wp:paragraph {\"align\":\"right\"} -->\n<p class=\"has-text-align-right\"><em>Extra\u00eddo de la Biblia: Libro del Pueblo de Dios. <\/em><\/p>\n<!-- \/wp:paragraph -->","_et_gb_content_width":""},"categories":[6],"tags":[],"aioseo_notices":[],"_links":{"self":[{"href":"https:\/\/www.obispado-mdp.org.ar\/a\/wp-json\/wp\/v2\/posts\/42302"}],"collection":[{"href":"https:\/\/www.obispado-mdp.org.ar\/a\/wp-json\/wp\/v2\/posts"}],"about":[{"href":"https:\/\/www.obispado-mdp.org.ar\/a\/wp-json\/wp\/v2\/types\/post"}],"author":[{"embeddable":true,"href":"https:\/\/www.obispado-mdp.org.ar\/a\/wp-json\/wp\/v2\/users\/3"}],"replies":[{"embeddable":true,"href":"https:\/\/www.obispado-mdp.org.ar\/a\/wp-json\/wp\/v2\/comments?post=42302"}],"version-history":[{"count":1,"href":"https:\/\/www.obispado-mdp.org.ar\/a\/wp-json\/wp\/v2\/posts\/42302\/revisions"}],"predecessor-version":[{"id":42303,"href":"https:\/\/www.obispado-mdp.org.ar\/a\/wp-json\/wp\/v2\/posts\/42302\/revisions\/42303"}],"wp:featuredmedia":[{"embeddable":true,"href":"https:\/\/www.obispado-mdp.org.ar\/a\/wp-json\/wp\/v2\/media\/31456"}],"wp:attachment":[{"href":"https:\/\/www.obispado-mdp.org.ar\/a\/wp-json\/wp\/v2\/media?parent=42302"}],"wp:term":[{"taxonomy":"category","embeddable":true,"href":"https:\/\/www.obispado-mdp.org.ar\/a\/wp-json\/wp\/v2\/categories?post=42302"},{"taxonomy":"post_tag","embeddable":true,"href":"https:\/\/www.obispado-mdp.org.ar\/a\/wp-json\/wp\/v2\/tags?post=42302"}],"curies":[{"name":"wp","href":"https:\/\/api.w.org\/{rel}","templated":true}]}}