{"id":42321,"date":"2023-11-27T15:42:00","date_gmt":"2023-11-27T18:42:00","guid":{"rendered":"https:\/\/www.obispado-mdp.org.ar\/a\/?p=42321"},"modified":"2023-11-27T15:42:05","modified_gmt":"2023-11-27T18:42:05","slug":"bendicion-de-una-nueva-capilla-en-ostende","status":"publish","type":"post","link":"https:\/\/www.obispado-mdp.org.ar\/a\/bendicion-de-una-nueva-capilla-en-ostende\/","title":{"rendered":"BENDICI\u00d3N DE UNA NUEVA CAPILLA EN OSTENDE."},"content":{"rendered":"\n<p class=\"has-pale-cyan-blue-background-color has-background\"><strong>El Administrador diocesano, padre Luis Alb\u00f3niga junto al p\u00e1rroco de Pinamar, Marcelo Panebianco y los sacerdotes que participaron este lunes de la Jornada de Espiritualidad de Adviento, presidi\u00f3 la Santa Misa en el templo que se encuentra en su etapa final de construcci\u00f3n en la localidad de Ostende, que se levanta en el lugar hist\u00f3rico de la primera Iglesia. La misma hab\u00eda sido edificada casi un siglo atr\u00e1s pero poco tiempo despu\u00e9s qued\u00f3 cubierta por los m\u00e9danos.<\/strong><\/p>\n\n\n\n<p>El actual templo, r\u00e9plica del primitivo, se encuentra dedicado a la Sant\u00edsima Virgen, en su advocaci\u00f3n de Nuestra Se\u00f1ora de la Medalla Milagrosa.<\/p>\n\n\n\n<p>El padre Luis realiz\u00f3 al inicio de la celebraci\u00f3n Eucar\u00edstica el rito de bendici\u00f3n, haciendo votos de que una vez finalizada la obra, el templo pueda ser consagrado.<\/p>\n\n\n\n<p>En su homil\u00eda el administrador diocesano destac\u00f3 la importancia de contar con un nuevo lugar de culto a la vez que se refiri\u00f3 a las palabras de la Virgen Mar\u00eda en el Magnificat y exhort\u00f3 a \u201calabar al Se\u00f1or por el don de su presencia entre nosotros y por el fruto de santidad en nuestra di\u00f3cesis manifestado en la pr\u00f3xima beatificaci\u00f3n de nuestro segundo obispo, el cardenal Pironio\u201d destacando la importancia del clero como \u201cprofetas de esperanza\u201d.<\/p>\n\n\n\n<p>El pueblo de Pinamar y la comunidad parroquial de Nuestra Se\u00f1ora de la Paz acompa\u00f1aron en gran n\u00famero la celebraci\u00f3n y manifestaron su j\u00fabilo al poder celebrar una jornada hist\u00f3rica en la que recuperaron una parte de su identidad, con la presencia del clero de la di\u00f3cesis, y en el marco de la memoria lit\u00fargica de la Patrona.<\/p>\n\n\n\n<p>Cr\u00f3nica P Juan Cruz<\/p>\n\n\n\n<figure class=\"wp-container-2 wp-block-gallery-1 wp-block-gallery has-nested-images columns-default is-cropped\">\n<figure class=\"wp-block-image size-large\"><img loading=\"lazy\" width=\"768\" height=\"1024\" data-id=\"42332\"  src=\"https:\/\/www.obispado-mdp.org.ar\/a\/wp-content\/uploads\/2023\/11\/3e427e89-63f3-4b79-9b9c-b634de56a404-768x1024.jpg\" alt=\"\" class=\"wp-image-42332\"\/><\/figure>\n\n\n\n<figure class=\"wp-block-image size-large\"><img loading=\"lazy\" width=\"768\" height=\"1024\" data-id=\"42335\"  src=\"https:\/\/www.obispado-mdp.org.ar\/a\/wp-content\/uploads\/2023\/11\/81b38c4c-e4bc-44a4-b8f5-ff176272dc52-768x1024.jpg\" alt=\"\" class=\"wp-image-42335\"\/><\/figure>\n\n\n\n<figure class=\"wp-block-image size-large\"><img loading=\"lazy\" width=\"1024\" height=\"768\" data-id=\"42337\"  src=\"https:\/\/www.obispado-mdp.org.ar\/a\/wp-content\/uploads\/2023\/11\/0277aa8e-d4a7-49da-b689-988c7f5b17c7-1024x768.jpg\" alt=\"\" class=\"wp-image-42337\"\/><\/figure>\n\n\n\n<figure class=\"wp-block-image size-large\"><img loading=\"lazy\" width=\"768\" height=\"1024\" data-id=\"42336\"  src=\"https:\/\/www.obispado-mdp.org.ar\/a\/wp-content\/uploads\/2023\/11\/025511f4-bd5e-4308-8fb5-173f2f8e343c-768x1024.jpg\" alt=\"\" class=\"wp-image-42336\"\/><\/figure>\n\n\n\n<figure class=\"wp-block-image size-large\"><img loading=\"lazy\" width=\"1024\" height=\"768\" data-id=\"42333\"  src=\"https:\/\/www.obispado-mdp.org.ar\/a\/wp-content\/uploads\/2023\/11\/bca8e6aa-11f0-4bd8-b8a3-3fb598146510-1024x768.jpg\" alt=\"\" class=\"wp-image-42333\"\/><\/figure>\n\n\n\n<figure class=\"wp-block-image size-large\"><img loading=\"lazy\" width=\"768\" height=\"1024\" data-id=\"42331\"  src=\"https:\/\/www.obispado-mdp.org.ar\/a\/wp-content\/uploads\/2023\/11\/cf34e01d-5b36-4d51-a016-179ef64e79b6-768x1024.jpg\" alt=\"\" class=\"wp-image-42331\"\/><\/figure>\n\n\n\n<figure class=\"wp-block-image size-large\"><img loading=\"lazy\" width=\"768\" height=\"1024\" data-id=\"42334\"  src=\"https:\/\/www.obispado-mdp.org.ar\/a\/wp-content\/uploads\/2023\/11\/d793d363-8035-43b8-ac48-1441201eee6d-768x1024.jpg\" alt=\"\" class=\"wp-image-42334\"\/><\/figure>\n\n\n\n<figure class=\"wp-block-image size-large\"><img loading=\"lazy\" width=\"1024\" height=\"768\" data-id=\"42330\"  src=\"https:\/\/www.obispado-mdp.org.ar\/a\/wp-content\/uploads\/2023\/11\/ee533766-eef7-480f-a739-0faf5ee70911-1024x768.jpg\" alt=\"\" class=\"wp-image-42330\"\/><\/figure>\n\n\n\n<figure class=\"wp-block-image size-large\"><img loading=\"lazy\" width=\"768\" height=\"1024\" data-id=\"42329\"  src=\"https:\/\/www.obispado-mdp.org.ar\/a\/wp-content\/uploads\/2023\/11\/f472b681-52e1-4765-971a-584edb0aee0c-768x1024.jpg\" alt=\"\" class=\"wp-image-42329\"\/><\/figure>\n<\/figure>\n","protected":false},"excerpt":{"rendered":"<p>El Administrador diocesano, padre Luis Alb\u00f3niga junto al p\u00e1rroco de Pinamar, Marcelo Panebianco y los sacerdotes que participaron este lunes de la Jornada de Espiritualidad de Adviento, presidi\u00f3 la Santa Misa en el templo que se encuentra en su etapa final de construcci\u00f3n en la localidad de Ostende, que se levanta en el lugar hist\u00f3rico [&hellip;]<\/p>\n","protected":false},"author":4,"featured_media":42338,"comment_status":"open","ping_status":"open","sticky":false,"template":"","format":"standard","meta":{"_et_pb_use_builder":"","_et_pb_old_content":"","_et_gb_content_width":""},"categories":[4],"tags":[],"aioseo_notices":[],"_links":{"self":[{"href":"https:\/\/www.obispado-mdp.org.ar\/a\/wp-json\/wp\/v2\/posts\/42321"}],"collection":[{"href":"https:\/\/www.obispado-mdp.org.ar\/a\/wp-json\/wp\/v2\/posts"}],"about":[{"href":"https:\/\/www.obispado-mdp.org.ar\/a\/wp-json\/wp\/v2\/types\/post"}],"author":[{"embeddable":true,"href":"https:\/\/www.obispado-mdp.org.ar\/a\/wp-json\/wp\/v2\/users\/4"}],"replies":[{"embeddable":true,"href":"https:\/\/www.obispado-mdp.org.ar\/a\/wp-json\/wp\/v2\/comments?post=42321"}],"version-history":[{"count":1,"href":"https:\/\/www.obispado-mdp.org.ar\/a\/wp-json\/wp\/v2\/posts\/42321\/revisions"}],"predecessor-version":[{"id":42339,"href":"https:\/\/www.obispado-mdp.org.ar\/a\/wp-json\/wp\/v2\/posts\/42321\/revisions\/42339"}],"wp:featuredmedia":[{"embeddable":true,"href":"https:\/\/www.obispado-mdp.org.ar\/a\/wp-json\/wp\/v2\/media\/42338"}],"wp:attachment":[{"href":"https:\/\/www.obispado-mdp.org.ar\/a\/wp-json\/wp\/v2\/media?parent=42321"}],"wp:term":[{"taxonomy":"category","embeddable":true,"href":"https:\/\/www.obispado-mdp.org.ar\/a\/wp-json\/wp\/v2\/categories?post=42321"},{"taxonomy":"post_tag","embeddable":true,"href":"https:\/\/www.obispado-mdp.org.ar\/a\/wp-json\/wp\/v2\/tags?post=42321"}],"curies":[{"name":"wp","href":"https:\/\/api.w.org\/{rel}","templated":true}]}}