{"id":42323,"date":"2023-11-27T15:33:57","date_gmt":"2023-11-27T18:33:57","guid":{"rendered":"https:\/\/www.obispado-mdp.org.ar\/a\/?p=42323"},"modified":"2023-11-27T15:36:32","modified_gmt":"2023-11-27T18:36:32","slug":"retiro-de-adviento-del-clero","status":"publish","type":"post","link":"https:\/\/www.obispado-mdp.org.ar\/a\/retiro-de-adviento-del-clero\/","title":{"rendered":"RETIRO DE ADVIENTO DEL CLERO."},"content":{"rendered":"\n<p class=\"has-pale-cyan-blue-background-color has-background\"><strong>Sacerdotes diocesanos y religiosos se dieron cita en la Parroquia Nuestra Se\u00f1ora de la Paz, de Pinamar, donde participaron de la habitual Jornada de Espiritualidad de Adviento, la cual cont\u00f3 con la animaci\u00f3n del p\u00e1rroco, Marcelo Panebianco, quien se encuentra celebrando sus bodas de plata sacerdotales.<\/strong><\/p>\n\n\n\n<p>Luego de un momento de adoraci\u00f3n, en el que meditaron con un texto del pr\u00f3ximo beato, cardenal Eduardo Pironio, partieron a Ostende, donde se est\u00e1 edificando una Capilla en el lugar hist\u00f3rico donde se erigi\u00f3 la primera Iglesia, de la cual la actual es una r\u00e9plica.<\/p>\n\n\n\n<p>All\u00ed el administrador diocesano, presb\u00edtero Luis Alb\u00f3niga, realiz\u00f3 el rito de bendici\u00f3n y dedicaci\u00f3n y presidi\u00f3 la Eucarist\u00eda, concelebrada por los m\u00e1s de treinta sacerdotes, en el marco adem\u00e1s de las Fiestas Patronales, dado que el templo se encuentra bajo el patrocinio de Nuestra Se\u00f1ora de la Medalla Milagrosa.<\/p>\n\n\n\n<p>Finalmente compartieron un almuerzo fraterno, donde adem\u00e1s conversaron acerca de las pr\u00f3ximas actividades y celebraciones diocesanas.<\/p>\n\n\n\n<p>Cr\u00f3nica; P Juan Cruz<\/p>\n\n\n\n<figure class=\"wp-container-2 wp-block-gallery-1 wp-block-gallery has-nested-images columns-default is-cropped\">\n<figure class=\"wp-block-image size-large\"><img loading=\"lazy\" width=\"768\" height=\"1024\" data-id=\"42326\"  src=\"https:\/\/www.obispado-mdp.org.ar\/a\/wp-content\/uploads\/2023\/11\/11870ae3-4ec8-4079-a489-55b272cddf79-768x1024.jpg\" alt=\"\" class=\"wp-image-42326\"\/><\/figure>\n\n\n\n<figure class=\"wp-block-image size-large\"><img loading=\"lazy\" width=\"1024\" height=\"768\" data-id=\"42325\"  src=\"https:\/\/www.obispado-mdp.org.ar\/a\/wp-content\/uploads\/2023\/11\/e72d30a2-f702-43f9-b848-b4a87c976e4d-1024x768.jpg\" alt=\"\" class=\"wp-image-42325\"\/><\/figure>\n\n\n\n<figure class=\"wp-block-image size-large\"><img loading=\"lazy\" width=\"768\" height=\"1024\" data-id=\"42324\"  src=\"https:\/\/www.obispado-mdp.org.ar\/a\/wp-content\/uploads\/2023\/11\/ea7e16f5-05aa-4553-80cd-abae7bd24b0a-768x1024.jpg\" alt=\"\" class=\"wp-image-42324\"\/><\/figure>\n<\/figure>\n","protected":false},"excerpt":{"rendered":"<p>Sacerdotes diocesanos y religiosos se dieron cita en la Parroquia Nuestra Se\u00f1ora de la Paz, de Pinamar, donde participaron de la habitual Jornada de Espiritualidad de Adviento, la cual cont\u00f3 con la animaci\u00f3n del p\u00e1rroco, Marcelo Panebianco, quien se encuentra celebrando sus bodas de plata sacerdotales. Luego de un momento de adoraci\u00f3n, en el que [&hellip;]<\/p>\n","protected":false},"author":4,"featured_media":42327,"comment_status":"open","ping_status":"open","sticky":false,"template":"","format":"standard","meta":{"_et_pb_use_builder":"","_et_pb_old_content":"","_et_gb_content_width":""},"categories":[4],"tags":[],"aioseo_notices":[],"_links":{"self":[{"href":"https:\/\/www.obispado-mdp.org.ar\/a\/wp-json\/wp\/v2\/posts\/42323"}],"collection":[{"href":"https:\/\/www.obispado-mdp.org.ar\/a\/wp-json\/wp\/v2\/posts"}],"about":[{"href":"https:\/\/www.obispado-mdp.org.ar\/a\/wp-json\/wp\/v2\/types\/post"}],"author":[{"embeddable":true,"href":"https:\/\/www.obispado-mdp.org.ar\/a\/wp-json\/wp\/v2\/users\/4"}],"replies":[{"embeddable":true,"href":"https:\/\/www.obispado-mdp.org.ar\/a\/wp-json\/wp\/v2\/comments?post=42323"}],"version-history":[{"count":1,"href":"https:\/\/www.obispado-mdp.org.ar\/a\/wp-json\/wp\/v2\/posts\/42323\/revisions"}],"predecessor-version":[{"id":42328,"href":"https:\/\/www.obispado-mdp.org.ar\/a\/wp-json\/wp\/v2\/posts\/42323\/revisions\/42328"}],"wp:featuredmedia":[{"embeddable":true,"href":"https:\/\/www.obispado-mdp.org.ar\/a\/wp-json\/wp\/v2\/media\/42327"}],"wp:attachment":[{"href":"https:\/\/www.obispado-mdp.org.ar\/a\/wp-json\/wp\/v2\/media?parent=42323"}],"wp:term":[{"taxonomy":"category","embeddable":true,"href":"https:\/\/www.obispado-mdp.org.ar\/a\/wp-json\/wp\/v2\/categories?post=42323"},{"taxonomy":"post_tag","embeddable":true,"href":"https:\/\/www.obispado-mdp.org.ar\/a\/wp-json\/wp\/v2\/tags?post=42323"}],"curies":[{"name":"wp","href":"https:\/\/api.w.org\/{rel}","templated":true}]}}