{"id":42340,"date":"2023-11-28T12:47:06","date_gmt":"2023-11-28T15:47:06","guid":{"rendered":"https:\/\/www.obispado-mdp.org.ar\/a\/?p=42340"},"modified":"2023-11-28T12:48:03","modified_gmt":"2023-11-28T15:48:03","slug":"marcha-de-la-esperanza-de-interes-municipal","status":"publish","type":"post","link":"https:\/\/www.obispado-mdp.org.ar\/a\/marcha-de-la-esperanza-de-interes-municipal\/","title":{"rendered":"MARCHA DE LA ESPERANZA DE INTERES MUNICIPAL."},"content":{"rendered":"\n<p>Los concejales Florencia Ranelucci, Roberto Gandolfi y Miguel Guglielmotti entregaron al Administrador Diocesano el decreto N239 por el cual el <a href=\"https:\/\/www.facebook.com\/concejomdp?__cft__[0]=AZUurAKAmBAmkhU-MBb-oHG5jkNlfRUSFuR_NNJa0-Kj5gMU0mF2ZcIZpO2jPF1_XGNbAs9Pf2Xln5rl0RnTqHc--1y4VipnkbIBRGrRNZPF_7SiI2jmEyj0dD7fFUe6KZ8jkzp_eY-ZeJLYKWbxoRwWtEb8I9i7D3DE3iAfzBP8sN83c6q3ahwj6a_fG4s-eDHhMthcKm270vNjn9IFPejMsfCXGatJ7kvf1nLtdizRdQ&amp;__tn__=-]K-R\">Honorable Concejo Deliberante de General Pueyrredon<\/a> declara de inter\u00e9s la edici\u00f3n 50 de la Marcha de la Esperanza.<\/p>\n\n\n\n<p>El P Luis Alb\u00f3niga agradeci\u00f3 el gesto del cuerpo deliberativo de la ciudad y renov\u00f3 la invitaci\u00f3n a vivir el s\u00e1bado una jornada de amor a la Virgen.<\/p>\n\n\n\n<p><a href=\"https:\/\/www.obispado-mdp.org.ar\/a\/wp-content\/uploads\/2023\/11\/marcha-de-la-esperanza-hcd.pdf\" title=\"\">LEER ORDENANZA COMPLETA<\/a><\/p>\n\n\n\n<figure class=\"wp-container-2 wp-block-gallery-1 wp-block-gallery has-nested-images columns-default is-cropped\">\n<figure class=\"wp-block-image size-large\"><img loading=\"lazy\" width=\"1024\" height=\"768\" data-id=\"42345\"  src=\"https:\/\/www.obispado-mdp.org.ar\/a\/wp-content\/uploads\/2023\/11\/404649663_756132449875853_2925368955854604353_n-1024x768.jpg\" alt=\"\" class=\"wp-image-42345\"\/><\/figure>\n\n\n\n<figure class=\"wp-block-image size-large\"><img loading=\"lazy\" width=\"1024\" height=\"768\" data-id=\"42344\"  src=\"https:\/\/www.obispado-mdp.org.ar\/a\/wp-content\/uploads\/2023\/11\/405647173_756132529875845_3027955679051148461_n-1024x768.jpg\" alt=\"\" class=\"wp-image-42344\"\/><\/figure>\n\n\n\n<figure class=\"wp-block-image size-large\"><img loading=\"lazy\" width=\"1024\" height=\"768\" data-id=\"42343\"  src=\"https:\/\/www.obispado-mdp.org.ar\/a\/wp-content\/uploads\/2023\/11\/405717933_756132583209173_2326643650820094030_n-1024x768.jpg\" alt=\"\" class=\"wp-image-42343\"\/><\/figure>\n\n\n\n<figure class=\"wp-block-image size-large\"><img loading=\"lazy\" width=\"600\" height=\"450\" data-id=\"42342\"  src=\"https:\/\/www.obispado-mdp.org.ar\/a\/wp-content\/uploads\/2023\/11\/404615735_756132153209216_7470632173170200660_n.jpg\" alt=\"\" class=\"wp-image-42342\"\/><\/figure>\n<\/figure>\n","protected":false},"excerpt":{"rendered":"<p>Los concejales Florencia Ranelucci, Roberto Gandolfi y Miguel Guglielmotti entregaron al Administrador Diocesano el decreto N239 por el cual el Honorable Concejo Deliberante de General Pueyrredon declara de inter\u00e9s la edici\u00f3n 50 de la Marcha de la Esperanza. El P Luis Alb\u00f3niga agradeci\u00f3 el gesto del cuerpo deliberativo de la ciudad y renov\u00f3 la invitaci\u00f3n [&hellip;]<\/p>\n","protected":false},"author":4,"featured_media":42344,"comment_status":"open","ping_status":"open","sticky":false,"template":"","format":"standard","meta":{"_et_pb_use_builder":"","_et_pb_old_content":"","_et_gb_content_width":""},"categories":[4],"tags":[],"aioseo_notices":[],"_links":{"self":[{"href":"https:\/\/www.obispado-mdp.org.ar\/a\/wp-json\/wp\/v2\/posts\/42340"}],"collection":[{"href":"https:\/\/www.obispado-mdp.org.ar\/a\/wp-json\/wp\/v2\/posts"}],"about":[{"href":"https:\/\/www.obispado-mdp.org.ar\/a\/wp-json\/wp\/v2\/types\/post"}],"author":[{"embeddable":true,"href":"https:\/\/www.obispado-mdp.org.ar\/a\/wp-json\/wp\/v2\/users\/4"}],"replies":[{"embeddable":true,"href":"https:\/\/www.obispado-mdp.org.ar\/a\/wp-json\/wp\/v2\/comments?post=42340"}],"version-history":[{"count":1,"href":"https:\/\/www.obispado-mdp.org.ar\/a\/wp-json\/wp\/v2\/posts\/42340\/revisions"}],"predecessor-version":[{"id":42346,"href":"https:\/\/www.obispado-mdp.org.ar\/a\/wp-json\/wp\/v2\/posts\/42340\/revisions\/42346"}],"wp:featuredmedia":[{"embeddable":true,"href":"https:\/\/www.obispado-mdp.org.ar\/a\/wp-json\/wp\/v2\/media\/42344"}],"wp:attachment":[{"href":"https:\/\/www.obispado-mdp.org.ar\/a\/wp-json\/wp\/v2\/media?parent=42340"}],"wp:term":[{"taxonomy":"category","embeddable":true,"href":"https:\/\/www.obispado-mdp.org.ar\/a\/wp-json\/wp\/v2\/categories?post=42340"},{"taxonomy":"post_tag","embeddable":true,"href":"https:\/\/www.obispado-mdp.org.ar\/a\/wp-json\/wp\/v2\/tags?post=42340"}],"curies":[{"name":"wp","href":"https:\/\/api.w.org\/{rel}","templated":true}]}}