{"id":42347,"date":"2023-11-29T17:27:55","date_gmt":"2023-11-29T20:27:55","guid":{"rendered":"https:\/\/www.obispado-mdp.org.ar\/a\/?p=42347"},"modified":"2023-11-29T17:28:00","modified_gmt":"2023-11-29T20:28:00","slug":"la-marcha-es-una-invitacion-a-superar-los-enfrentamientos","status":"publish","type":"post","link":"https:\/\/www.obispado-mdp.org.ar\/a\/la-marcha-es-una-invitacion-a-superar-los-enfrentamientos\/","title":{"rendered":"LA MARCHA ES UNA INVITACI\u00d3N A SUPERAR LOS ENFRENTAMIENTOS."},"content":{"rendered":"\n<p class=\"has-pale-cyan-blue-background-color has-background\"><strong>La celebraci\u00f3n religiosa se desarrollar\u00e1 este s\u00e1bado desde las 16. La actividad ser\u00e1 especial este a\u00f1o porque es la primera vez que se realizar\u00e1 desde que se aprob\u00f3 la beatificaci\u00f3n del cardenal Pironio, quien fue el impulsor de esta iniciativa.<\/strong><\/p>\n\n\n\n<figure class=\"wp-block-image\"><img src=\"https:\/\/storage.lacapitalmdp.com\/2023\/11\/marcha-de-la-esperanza-50-1024x473.jpg\" alt=\"\"\/><\/figure>\n\n\n\n<p><\/p>\n\n\n\n<p>Se present\u00f3 este mi\u00e9rcoles en el Obispado la edici\u00f3n n\u00famero 50 de la&nbsp;<strong>Marcha de la Esperanza,<\/strong>&nbsp;que se celebrar\u00e1 el s\u00e1bado desde las 16 y que este a\u00f1o ser\u00e1 especial porque es la primera vez que se realiza desde que se aprob\u00f3&nbsp;<a href=\"https:\/\/www.lacapitalmdp.com\/el-papa-francisco-aprobo-la-beatificacion-del-cardenal-eduardo-pironio-exobispo-de-mar-del-plata\/\" target=\"_blank\" rel=\"noreferrer noopener\">la beatificaci\u00f3n del cardenal Eduardo Pironio,<\/a>&nbsp;quien fue el impulsor de esta iniciativa en la ciudad.<\/p>\n\n\n\n<p><strong>\u201cTenemos todas las expectativas con esta edici\u00f3n de la marcha\u201d,<\/strong>&nbsp;dijo el administrador interino de la di\u00f3cesis local, Luis Alb\u00f3niga, quien encabez\u00f3 la presentaci\u00f3n junto al padre Armando Ledesma y los voluntarios a cargo de la log\u00edstica del evento, Ricardo Garone y Silvana Calzada.<\/p>\n\n\n\n<p>\u201cNuestro mensaje es el mensaje de esperanza y la convocatoria es para todos. Queremos invitar a todos los vecinos de la ciudad y alrededores porque es una marcha muy especial.&nbsp;<strong>Son los 50 a\u00f1os de la marcha, desde 1974 que caminamos y no hay que detener la marcha\u201d,<\/strong>&nbsp;agreg\u00f3 Alb\u00f3niga.<\/p>\n\n\n\n<p>Consultado acerca de cu\u00e1nta gente cree que va a participar de esta edici\u00f3n, el administrador interino de la di\u00f3cesis respondi\u00f3: \u201cPensamos que va a venir mucha gente. Hemos visto las reacciones a partir de lo que se ha ido publicando en las redes y&nbsp;<strong>el entusiasmo que uno va recogiendo en distintos \u00e1mbitos\u201d.<\/strong>&nbsp;\u201cOjal\u00e1 que seamos millones\u201d, manifest\u00f3 y desde la organizaci\u00f3n le adelantaron a<strong>&nbsp;LA CAPITAL<\/strong>&nbsp;que aguardan por&nbsp;<strong>\u201cdiez cuadras de gente\u201d.<\/strong><\/p>\n\n\n\n<p>Seguidamente, Alb\u00f3niga remarc\u00f3 que est\u00e1 edici\u00f3n es \u201cespecial\u201d porque \u201ccoincide la marcha de oro y con la beatificaci\u00f3n del cardenal Pironio\u201d. \u201cAlgo muy significativo, que nos habla del poder de Dios que act\u00faa entre nosotros, que es que&nbsp;<strong>en el contexto de una Marcha de la Esperanza se realiz\u00f3 la invocaci\u00f3n a Pironio que dio lugar al milagro que permiti\u00f3 la beatificaci\u00f3n\u201d,<\/strong>&nbsp;record\u00f3.<\/p>\n\n\n\n<p>Asimismo, agreg\u00f3 sobre quien fuera obispo de Mar del Plata que \u201cel tema de la esperanza es el gran tema que \u00e9l ha predicado en su vida\u201d.&nbsp;<strong>\u201cPor eso el padre Armando se ha encargado de buscar en los escritos de Pironio aquello que pueda iluminarnos para la esperanza\u201d,<\/strong>&nbsp;dijo.<\/p>\n\n\n<div class=\"wp-block-image\">\n<figure class=\"aligncenter\"><img src=\"https:\/\/storage.lacapitalmdp.com\/2023\/11\/marcha-de-la-esperanza-50-1-1024x575.jpg\" alt=\"marcha de la esperanza 50 1\" class=\"wp-image-867959\"\/><\/figure><\/div>\n\n\n<hr class=\"wp-block-separator has-alpha-channel-opacity\"\/>\n\n\n\n<p>En este contexto, Alb\u00f3niga se refiri\u00f3 a la actualidad pol\u00edtica y social que atraviesa la ciudad y la Argentina y consider\u00f3 que<strong>&nbsp;\u201clos cambios de \u00e9poca y de contexto para nuestro pa\u00eds y para todos los \u00e1mbitos son una oportunidad para abrirnos al futuro\u201d.<\/strong><\/p>\n\n\n\n<p>\u201cSi nos abrimos al futuro desde nuestros prejuicios y desde nuestros enfrenamientos se destruye la esperanza. La esperanza es abrir el coraz\u00f3n a la nuevo que puede suceder y que Dios puede hacer en nuestra vida\u201d, sostuvo.<\/p>\n\n\n\n<p>Por ello, remarc\u00f3 que&nbsp;<strong>\u201cla invitaci\u00f3n en esta marcha es a bajar nuestras resistencias y a renunciar a los enfrentamientos\u201d.<\/strong>&nbsp;\u201cHay que dejar que ese milagro, c\u00f3mo el que aconteci\u00f3 con Juan Manuel (por el que fue beatificado Pironio), el milagro la presencia de Dios, act\u00fae nuestros en nuestros corazones y nos abra la esperanza\u201d, concluy\u00f3.<\/p>\n\n\n<div class=\"wp-block-image\">\n<figure class=\"aligncenter\"><img src=\"https:\/\/storage.lacapitalmdp.com\/2023\/11\/marcha-de-la-esperanza-50-2-1024x473.jpg\" alt=\"marcha de la esperanza 50 2\" class=\"wp-image-867958\"\/><\/figure><\/div>\n\n\n<hr class=\"wp-block-separator has-alpha-channel-opacity\"\/>\n\n\n\n<h3>Recorrido<\/h3>\n\n\n\n<hr class=\"wp-block-separator has-alpha-channel-opacity\"\/>\n\n\n\n<p>Uno de los voluntarios a cargo de la log\u00edstica de la 50\u00b0 edici\u00f3n de la Marcha de la Esperanza, Ricardo Garone, detall\u00f3 respecto al recorrido de la misma que<strong>&nbsp;\u201carranca a las 16, como todos los a\u00f1os, en la Gruta de Lourdes.<\/strong><\/p>\n\n\n\n<p>\u201cDe ah\u00ed vamos bajando hasta la iglesia de San Antonio, donde hacemos nuestra primera parada y una vez que comenzamos nuevamente el recorrido nos acercamos a la parroquia Jes\u00fas Obrero, que ingresamos por la calle Dolores para ir a Lisandro de la Torre, que es donde la marcha se abre para el paso de la virgen, en lo que es un momento muy emotivo\u201d, indic\u00f3.<\/p>\n\n\n\n<p>\u201cLuego de ah\u00ed vamos a la obra Don Orione -continu\u00f3-, a la iglesia San Jos\u00e9, para agarrar la avenida Independencia que tambi\u00e9n es donde m\u00e1s se despliega la marcha\u201d.<\/p>\n\n\n\n<p>\u201cNos acercamos la parroquia Asunci\u00f3n, donde est\u00e1 el Materno Infantil, que fue donde ocurri\u00f3 el milagro de Juan Manuel, por el cual va a ser beatificado Pironio, para luego ir ya hacia la Catedral donde celebraremos la misa, que\u00a0<strong>calculamos que va a empezar entre las 19.30 y 20 horas\u201d<\/strong>, finaliz\u00f3.<\/p>\n\n\n\n<p><a href=\"Fuente: Matias Varela\/ la Capital\" title=\"https:\/\/www.lacapitalmdp.com\/presentaron-la-edicion-50-de-la-marcha-de-la-esperanza\/\">Fuente: Matias Varela\/ la Capital<\/a><\/p>\n\n\n\n<figure class=\"wp-block-image\"><img alt=\"\"\/><\/figure>\n","protected":false},"excerpt":{"rendered":"<p>La celebraci\u00f3n religiosa se desarrollar\u00e1 este s\u00e1bado desde las 16. La actividad ser\u00e1 especial este a\u00f1o porque es la primera vez que se realizar\u00e1 desde que se aprob\u00f3 la beatificaci\u00f3n del cardenal Pironio, quien fue el impulsor de esta iniciativa. Se present\u00f3 este mi\u00e9rcoles en el Obispado la edici\u00f3n n\u00famero 50 de la&nbsp;Marcha de la [&hellip;]<\/p>\n","protected":false},"author":4,"featured_media":42348,"comment_status":"open","ping_status":"open","sticky":false,"template":"","format":"standard","meta":{"_et_pb_use_builder":"","_et_pb_old_content":"","_et_gb_content_width":""},"categories":[4],"tags":[],"aioseo_notices":[],"_links":{"self":[{"href":"https:\/\/www.obispado-mdp.org.ar\/a\/wp-json\/wp\/v2\/posts\/42347"}],"collection":[{"href":"https:\/\/www.obispado-mdp.org.ar\/a\/wp-json\/wp\/v2\/posts"}],"about":[{"href":"https:\/\/www.obispado-mdp.org.ar\/a\/wp-json\/wp\/v2\/types\/post"}],"author":[{"embeddable":true,"href":"https:\/\/www.obispado-mdp.org.ar\/a\/wp-json\/wp\/v2\/users\/4"}],"replies":[{"embeddable":true,"href":"https:\/\/www.obispado-mdp.org.ar\/a\/wp-json\/wp\/v2\/comments?post=42347"}],"version-history":[{"count":1,"href":"https:\/\/www.obispado-mdp.org.ar\/a\/wp-json\/wp\/v2\/posts\/42347\/revisions"}],"predecessor-version":[{"id":42349,"href":"https:\/\/www.obispado-mdp.org.ar\/a\/wp-json\/wp\/v2\/posts\/42347\/revisions\/42349"}],"wp:featuredmedia":[{"embeddable":true,"href":"https:\/\/www.obispado-mdp.org.ar\/a\/wp-json\/wp\/v2\/media\/42348"}],"wp:attachment":[{"href":"https:\/\/www.obispado-mdp.org.ar\/a\/wp-json\/wp\/v2\/media?parent=42347"}],"wp:term":[{"taxonomy":"category","embeddable":true,"href":"https:\/\/www.obispado-mdp.org.ar\/a\/wp-json\/wp\/v2\/categories?post=42347"},{"taxonomy":"post_tag","embeddable":true,"href":"https:\/\/www.obispado-mdp.org.ar\/a\/wp-json\/wp\/v2\/tags?post=42347"}],"curies":[{"name":"wp","href":"https:\/\/api.w.org\/{rel}","templated":true}]}}