{"id":42350,"date":"2023-12-01T10:12:02","date_gmt":"2023-12-01T13:12:02","guid":{"rendered":"https:\/\/www.obispado-mdp.org.ar\/a\/?p=42350"},"modified":"2023-12-01T10:18:14","modified_gmt":"2023-12-01T13:18:14","slug":"como-surgio-la-primera-marcha-de-la-esperanza","status":"publish","type":"post","link":"https:\/\/www.obispado-mdp.org.ar\/a\/como-surgio-la-primera-marcha-de-la-esperanza\/","title":{"rendered":"\u00bfC\u00f3mo surgi\u00f3 la primera marcha de la esperanza?"},"content":{"rendered":"\n<figure class=\"wp-block-image size-full is-resized\"><img loading=\"lazy\" src=\"https:\/\/www.obispado-mdp.org.ar\/a\/wp-content\/uploads\/2023\/12\/dibartolo.jpg\" alt=\"\" class=\"wp-image-42361\" width=\"321\" height=\"264\"\/><\/figure>\n\n\n\n<p><strong>Por Daniel E. Di B\u00e1rtolo<\/strong> \/ diario LA CAPITAL<\/p>\n\n\n\n<p>El 2 de diciembre tendr\u00e1 lugar la 50 edici\u00f3n de la&nbsp;<a href=\"https:\/\/www.lacapitalmdp.com\/buscar\/?q=marcha%20de%20la%20esperanza\"><strong>Marcha de la Esperanza<\/strong>.<\/a>&nbsp;Se trata de un acontecimiento de f\u00e9 que expresa la religiosidad popular de las y los marplatenses y que vincula de un modo directo al que fuera Obispo de Mar del Plata,&nbsp;<a href=\"https:\/\/www.lacapitalmdp.com\/pironio-el-hombre-de-fe-que-dejo-una-marca-en-la-ciudad-y-hasta-le-atribuyen-un-milagro-en-vida\/\"><strong>Eduardo Pironio<\/strong><\/a>, quien promovi\u00f3 la primera&nbsp;marcha en 1974 y que ser\u00e1&nbsp;beatificado el pr\u00f3ximo 16 de diciembre en una ceremonia que se realizar\u00e1 en la Bas\u00edlica de Luj\u00e1n. El milagro que le fue reconocido al Cardenal Pironio, refiere a la sanaci\u00f3n de un ni\u00f1o al paso de la Marcha por el Hospital en el a\u00f1o 2006.<\/p>\n\n\n\n<p>Diez a\u00f1os atr\u00e1s, al anunciar la realizaci\u00f3n de la 40\u00b0 Marcha de la Esperanza, el P.&nbsp;<strong>Gabriel Mestre<\/strong>, entonces P\u00e1rroco de la Iglesia Catedral y Vicario General de la Di\u00f3cesis de Mar del Plata, puntualiz\u00f3 que ese a\u00f1o se recordar\u00e1 de un modo particular al Siervo de Dios Cardenal Eduardo Pironio, que fuera Obispo de Mar del Plata entre 1973 y 1975 y creador de la Marcha de la Esperanza. Hoy, Gabriel Mestre es el Arzobispo de La Plata.<\/p>\n\n\n\n<p>La ocasi\u00f3n es propicia para recordar ese acontecimiento y para bucear en la memoria con un sentido de vigencia hist\u00f3rica.<\/p>\n\n\n\n<p>En la segunda mitad de 1974 un grupo de j\u00f3venes provenientes del Movimiento Juvenil Diocesano y la Acci\u00f3n Cat\u00f3lica de la Parroquia San Jos\u00e9, coincidimos en la importancia que tendr\u00eda para la Iglesia particular de Mar del Plata organizar una peregrinaci\u00f3n mariana que, hundida en las ra\u00edces de la devoci\u00f3n popular a la Virgen Mar\u00eda, expresara en forma p\u00fablica la fe.<\/p>\n\n\n\n<p>En aquella primera marcha se traz\u00f3 el itinerario, que luego se mantuvo pr\u00e1cticamente inalterable a lo largo de cincuenta a\u00f1os. La idea era unir la gruta de Lourdes, enclavada en el barrio del Puerto, centro de devoci\u00f3n popular local, con la Iglesia Catedral, sede del Obispo, lugar visible de la presencia eclesial.<\/p>\n\n\n\n<p>Entre la decisi\u00f3n de organizar la peregrinaci\u00f3n y su realizaci\u00f3n pasaron pocas semanas. El Obispo, querido y recordado Mons. (luego Cardenal) Eduardo Pironio, hab\u00eda proclamado que los j\u00f3venes y la religiosidad popular constitu\u00edan las prioridades pastorales de la Iglesia Diocesana; sin dudas, la iniciativa combinaba ambos aspectos.<\/p>\n\n\n\n<p>El Cardenal Pironio fue el creador de la Marcha de la Esperanza porque asumi\u00f3 e ilumin\u00f3 desde la fe las \u201csemillas del Verbo\u201d expresadas en la fuerza de la juventud y la piedad popular.<\/p>\n\n\n\n<p>En interminables y numerosas reuniones fue tomando forma la propuesta. Diciembre es el mes de la Inmaculada Concepci\u00f3n, la fecha deb\u00eda ser cercana a ese d\u00eda; eso s\u00ed, un s\u00e1bado para que se facilitara la concurrencia de aquellos que deseaban participar.<\/p>\n\n\n\n<p>\u00bfY el nombre? Tuvo mucho que ver con la impronta del proceso hist\u00f3rico que viv\u00edamos los argentinos: \u201cmarcha\u201d expres\u00f3 la idea de un pueblo que peregrina, que camina, que busca. Se retom\u00f3 con singularidad la experiencia hist\u00f3rica de las peregrinaciones populares marianas que se extend\u00edan a lo largo y a lo ancho de Argentina y Am\u00e9rica Latina y se la uni\u00f3 con el sentido de un pueblo, sujeto y art\u00edfice de su propio destino.<\/p>\n\n\n\n<p>Entonces \u201cmarcha\u201d, \u00bfpor qu\u00e9?, all\u00ed surgi\u00f3 vincular la marcha a la&nbsp;<strong>\u201cesperanza\u201d.<\/strong>&nbsp;El clima eclesial estaba marcado por la profunda renovaci\u00f3n espiritual del Concilio Vaticano II y con los compromisos asumidos por los Obispos Latinoamericanos en Medell\u00edn y los argentinos en San Miguel. Ese tr\u00edpode doctrinario y el clima epocal de los 70, promovi\u00f3 en aquellos j\u00f3venes la esperanza expresada en la construcci\u00f3n del hombre nuevo y de la sociedad m\u00e1s justa.<\/p>\n\n\n\n<p>La mayor\u00eda de nuestros grupos juveniles, de la mano de la pastoral popular impulsada por el Obispo Pironio y su Vicario Mons. Hugo Sirotti, hab\u00edamos comenzado a desarrollar actividades pastorales en los barrios de la ciudad. Varias capillas, hoy Parroquias, surgieron en esos a\u00f1os con fuerte participaci\u00f3n juvenil. (Luj\u00e1n en Martillo, Milagros en Las Avenidas, San Miguel en Los Pinares, entre otros).<\/p>\n\n\n\n<p>La primera Marcha de la Esperanza tuvo como protagonistas centrales a los j\u00f3venes y a las familias que se movilizaron desde los barrios de la periferia.<\/p>\n\n\n\n<p>El cura salesiano Jos\u00e9 Mar\u00eda \u201cChema\u201d de la Cuadra, el recordado Padre Alfredo Ardanaz, el hermano marista Horacio Magaldi, la franciscana Ana Mar\u00eda Losada, el \u201cpotrillo\u201d Jes\u00fas Domaica, Antonio Gianmarino, fueron algunos de los \u201casesores\u201d que compart\u00edan nuestra vida cotidiana y estuvieron a nuestro lado en la organizaci\u00f3n y realizaci\u00f3n de esa primera Marcha.<\/p>\n\n\n\n<p>Aquella marcha se difundi\u00f3 de boca a boca en los barrios,&nbsp;<strong>los afiches se hicieron a mano<\/strong>&nbsp;(s\u00ed, a mano con marcadores) y se pegaron \u2013 no sin alg\u00fan trastorno propio de la \u00e9poca -, en las paradas de colectivos y en los almacenes.<\/p>\n\n\n\n<p>Los barrios hab\u00edan concurrido identificados con sus carteles y banderas<strong>. \u00c9ramos poco m\u00e1s de 500 personas<\/strong>. Varios colectivos recorrieron los barrios para coordinar la concurrencia de grupos de familias. Salimos desde la Gruta de Lourdes, como lo hab\u00edamos planificado, una amenazante tormenta nos preocup\u00f3 desde el principio.<\/p>\n\n\n\n<p>Aquella primera marcha est\u00e1 guardada en los corazones de los que la vivimos. En la esquina de Santa F\u00e9 y Col\u00f3n encendimos las antorchas caseras que acompa\u00f1aron las cuadras finales. La lluvia esper\u00f3 a que estuvi\u00e9semos por llegar a la Catedral. La Misa, que iba a celebrarse al aire libre, tuvo que trasladarse al interior de la Iglesia que, en pocos minutos, estuvo llena de bote a bote.<\/p>\n\n\n\n<p><strong>\u201cLos pobres y los j\u00f3venes est\u00e1n en su casa\u201d<\/strong>, dijo el Cardenal Pironio al iniciar la Misa. Esas palabras quedaron grabadas en nuestra conciencia. Era la s\u00edntesis de lo que motorizaba nuestro proyecto de vida. No entend\u00edamos la fe sin el compromiso con la realidad y, en particular, con los m\u00e1s pobres.<\/p>\n\n\n\n<p>Tan \u2013 o m\u00e1s \u2013 importante que la primera Marcha fue que tantos j\u00f3venes tomaran la posta a\u00f1o tras a\u00f1o: en la oscuridad de la dictadura, en la frescura de la incipiente democracia, en la hegemon\u00eda del neoliberalismo, en la cornisa de la crisis, en los tiempos hist\u00f3ricos de esperanza. Siempre hubo j\u00f3venes, familias, abuelos, curas, religiosas, servidores, que dijeron presente.<\/p>\n\n\n\n<p>Hoy, la Iglesia Universal es conducida por el Papa Francisco, con su testimonio, su mensaje, su fuerza. Alguien \u201cvenido del fin del mundo\u201d, ha vuelto sobre los mismos or\u00edgenes del mensaje evang\u00e9lico y ubicado a la pobreza, la sencillez, la alegr\u00eda y la humildad en el centro de la atenci\u00f3n mundial.<\/p>\n\n\n\n<p>Esta 50\u00b0 Marcha de la Esperanza, de la mano del recuerdo del Cardenal Pironio y de la inspiraci\u00f3n del Papa Francisco, vuelve sobre su propio origen, nos convoca a reflexionar sobre \u201cLa alegr\u00eda del Evangelio\u201d, \u201cel cuidado de la casa com\u00fan\u201d y nos insta a trabajar por la construcci\u00f3n del Reino de Dios y su justicia en la historia.<\/p>\n\n\n\n<p>A pocos d\u00edas que Eduardo Pironio sea Beatificado, su legado adquiere mayor significaci\u00f3n y vigencia. Su breve paso por nuestra ciudad como Obispo dej\u00f3 marcas indelebles:<strong>&nbsp;la Marcha de la Esperanza es una de ellas.<\/strong><\/p>\n\n\n\n<p>\u201cQue triste debe ser llegar a viejo con el alma y las manos sin gastar\u201d, dec\u00eda nuestra canci\u00f3n predilecta de aquel tiempo: la \u201cPolka del hombre nuevo\u201d. Terminaba as\u00ed: \u201cpor eso estoy aqu\u00ed cantando, por eso estoy aqu\u00ed so\u00f1ando, por el hombre feliz, el hombre nuevo, el hombre que debo mi pa\u00eds, el hombre que debo mi pa\u00eds\u201d.<\/p>\n\n\n\n<p>Prof. Daniel E. Di B\u00e1rtolo<\/p>\n\n\n\n<p><\/p>\n\n\n\n<p><\/p>\n\n\n\n<figure class=\"wp-container-2 wp-block-gallery-1 wp-block-gallery has-nested-images columns-default is-cropped\">\n<figure class=\"wp-block-image size-large\"><img loading=\"lazy\" width=\"1024\" height=\"768\" data-id=\"42354\"  src=\"https:\/\/www.obispado-mdp.org.ar\/a\/wp-content\/uploads\/2023\/12\/6e5253e6-8e2c-4cee-8fbd-701a37307170-1024x768.jpg\" alt=\"\" class=\"wp-image-42354\"\/><\/figure>\n\n\n\n<figure class=\"wp-block-image size-large\"><img loading=\"lazy\" width=\"877\" height=\"556\" data-id=\"42352\"  src=\"https:\/\/www.obispado-mdp.org.ar\/a\/wp-content\/uploads\/2023\/12\/27b980e6-28bf-495b-9ec0-c24bd7f506d5.jpg\" alt=\"\" class=\"wp-image-42352\"\/><\/figure>\n\n\n\n<figure class=\"wp-block-image size-large\"><img loading=\"lazy\" width=\"1024\" height=\"606\" data-id=\"42355\"  src=\"https:\/\/www.obispado-mdp.org.ar\/a\/wp-content\/uploads\/2023\/12\/1364fdac-8727-4f23-acc4-730c753ab32a-1024x606.jpg\" alt=\"\" class=\"wp-image-42355\"\/><\/figure>\n\n\n\n<figure class=\"wp-block-image size-large\"><img loading=\"lazy\" width=\"1024\" height=\"563\" data-id=\"42351\"  src=\"https:\/\/www.obispado-mdp.org.ar\/a\/wp-content\/uploads\/2023\/12\/8330de47-0371-4a00-bea2-3e47d493f5c7-1024x563.jpg\" alt=\"\" class=\"wp-image-42351\"\/><\/figure>\n\n\n\n<figure class=\"wp-block-image size-large\"><img loading=\"lazy\" width=\"1024\" height=\"585\" data-id=\"42353\"  src=\"https:\/\/www.obispado-mdp.org.ar\/a\/wp-content\/uploads\/2023\/12\/51105032-d9d8-4b90-aae7-7312b8e0bd50-1024x585.jpg\" alt=\"\" class=\"wp-image-42353\"\/><\/figure>\n\n\n\n<figure class=\"wp-block-image size-large\"><img loading=\"lazy\" width=\"1024\" height=\"698\" data-id=\"42358\"  src=\"https:\/\/www.obispado-mdp.org.ar\/a\/wp-content\/uploads\/2023\/12\/b699bb17-3b52-4740-a4d3-044fc3bb2a61-1024x698.jpg\" alt=\"\" class=\"wp-image-42358\"\/><\/figure>\n\n\n\n<figure class=\"wp-block-image size-large\"><img loading=\"lazy\" width=\"1024\" height=\"676\" data-id=\"42356\"  src=\"https:\/\/www.obispado-mdp.org.ar\/a\/wp-content\/uploads\/2023\/12\/cee5319e-de98-459d-8fbd-712e19463d60-1024x676.jpg\" alt=\"\" class=\"wp-image-42356\"\/><\/figure>\n\n\n\n<figure class=\"wp-block-image size-large\"><img loading=\"lazy\" width=\"1024\" height=\"606\" data-id=\"42357\"  src=\"https:\/\/www.obispado-mdp.org.ar\/a\/wp-content\/uploads\/2023\/12\/dcd5c51a-fcc7-43cf-8326-1a7a75634cec-1024x606.jpg\" alt=\"\" class=\"wp-image-42357\"\/><\/figure>\n\n\n\n<figure class=\"wp-block-image size-large\"><img loading=\"lazy\" width=\"1024\" height=\"757\" data-id=\"42359\"  src=\"https:\/\/www.obispado-mdp.org.ar\/a\/wp-content\/uploads\/2023\/12\/e90500f6-3488-4103-97f0-e94ac698ba08-1024x757.jpg\" alt=\"\" class=\"wp-image-42359\"\/><\/figure>\n<\/figure>\n","protected":false},"excerpt":{"rendered":"<p>Por Daniel E. Di B\u00e1rtolo \/ diario LA CAPITAL El 2 de diciembre tendr\u00e1 lugar la 50 edici\u00f3n de la&nbsp;Marcha de la Esperanza.&nbsp;Se trata de un acontecimiento de f\u00e9 que expresa la religiosidad popular de las y los marplatenses y que vincula de un modo directo al que fuera Obispo de Mar del Plata,&nbsp;Eduardo Pironio, [&hellip;]<\/p>\n","protected":false},"author":4,"featured_media":42357,"comment_status":"open","ping_status":"open","sticky":false,"template":"","format":"standard","meta":{"_et_pb_use_builder":"","_et_pb_old_content":"","_et_gb_content_width":""},"categories":[4],"tags":[],"aioseo_notices":[],"_links":{"self":[{"href":"https:\/\/www.obispado-mdp.org.ar\/a\/wp-json\/wp\/v2\/posts\/42350"}],"collection":[{"href":"https:\/\/www.obispado-mdp.org.ar\/a\/wp-json\/wp\/v2\/posts"}],"about":[{"href":"https:\/\/www.obispado-mdp.org.ar\/a\/wp-json\/wp\/v2\/types\/post"}],"author":[{"embeddable":true,"href":"https:\/\/www.obispado-mdp.org.ar\/a\/wp-json\/wp\/v2\/users\/4"}],"replies":[{"embeddable":true,"href":"https:\/\/www.obispado-mdp.org.ar\/a\/wp-json\/wp\/v2\/comments?post=42350"}],"version-history":[{"count":2,"href":"https:\/\/www.obispado-mdp.org.ar\/a\/wp-json\/wp\/v2\/posts\/42350\/revisions"}],"predecessor-version":[{"id":42363,"href":"https:\/\/www.obispado-mdp.org.ar\/a\/wp-json\/wp\/v2\/posts\/42350\/revisions\/42363"}],"wp:featuredmedia":[{"embeddable":true,"href":"https:\/\/www.obispado-mdp.org.ar\/a\/wp-json\/wp\/v2\/media\/42357"}],"wp:attachment":[{"href":"https:\/\/www.obispado-mdp.org.ar\/a\/wp-json\/wp\/v2\/media?parent=42350"}],"wp:term":[{"taxonomy":"category","embeddable":true,"href":"https:\/\/www.obispado-mdp.org.ar\/a\/wp-json\/wp\/v2\/categories?post=42350"},{"taxonomy":"post_tag","embeddable":true,"href":"https:\/\/www.obispado-mdp.org.ar\/a\/wp-json\/wp\/v2\/tags?post=42350"}],"curies":[{"name":"wp","href":"https:\/\/api.w.org\/{rel}","templated":true}]}}