{"id":42364,"date":"2023-12-02T08:23:33","date_gmt":"2023-12-02T11:23:33","guid":{"rendered":"https:\/\/www.obispado-mdp.org.ar\/a\/?p=42364"},"modified":"2023-12-02T08:25:39","modified_gmt":"2023-12-02T11:25:39","slug":"100-anos-del-colegio-emilio-lamarca-en-balcarce","status":"publish","type":"post","link":"https:\/\/www.obispado-mdp.org.ar\/a\/100-anos-del-colegio-emilio-lamarca-en-balcarce\/","title":{"rendered":"100 A\u00d1OS DEL COLEGIO EMILIO LAMARCA EN BALCARCE."},"content":{"rendered":"\n<p class=\"has-pale-cyan-blue-background-color has-background\"><strong>Con una misa de acci\u00f3n de gracias presidida por el administrador diocesano P Luis Alb\u00f3niga, la comunidad de Balcarce record\u00f3 la misi\u00f3n compartida, acompa\u00f1ando a la escuela \u00abEmilio Lamarca\u00bb en el a\u00f1o de su Centenario. <\/strong><\/p>\n\n\n\n<p>Tambi\u00e9n fue la ceremonia de finalizaci\u00f3n del ciclo lectivo 2023 de los colegios de la JUREC. Participaron de la Misa en la parroquia San Jose de Balcarce autoridades de la Junta Regional de Educaci\u00f3n Cat\u00f3lica, docentes alumnos y la comunidad de esa ciudad.<\/p>\n\n\n\n<p><strong>Homil\u00eda<\/strong><\/p>\n\n\n\n<p>En su homil\u00eda el P. Luis Alb\u00f3niga dijo: \u201cEn mi acci\u00f3n de gracias los tengo siempre presentes, por la gracia que Dios les ha dado en Cristo Jes\u00fas\u201d. As\u00ed decimos con San Pablo al culminar un nuevo ciclo. As\u00ed decimos de coraz\u00f3n, por los favores que el Se\u00f1or regal\u00f3 durante un siglo en nuestro querido colegio Emilio Lamarca de Balcarce. \u201cEs de bien nacido ser agradecido\u201d, as\u00ed reza el refr\u00e1n. Y yo dir\u00eda, es de buen cristiano reconocer, mediante la acci\u00f3n de gracias y la alabanza, el amor providente de Dios. En el \u00e1mbito educativo nos toca gestionar los dones y recursos que Dios nos conf\u00eda. No son tiempos sencillos y la tarea es ardua. Por eso, es importante detenernos, y evaluar.<\/p>\n\n\n\n<p>Un momento fundamental en toda evaluaci\u00f3n es, precisamente, la acci\u00f3n de gracias. Si s\u00f3lo vi\u00e9ramos los aspectos a mejorar, los fallos de nuestras instituciones, las dificultades y los problemas que afectan a los miembros de nuestras comunidades, la evaluaci\u00f3n ser\u00eda parcial. Lo mismo pasar\u00eda si s\u00f3lo vi\u00e9ramos los logros como un mero resultado de nuestra gesti\u00f3n. Una buena evaluaci\u00f3n tiene como atm\u00f3sfera propia la dimensi\u00f3n teologal. Es decir, el reconocimiento humilde y confiado de la presencia providente de Dios. No es un hecho abstracto, no se resuelve con una oraci\u00f3n de inicio o final de la reuni\u00f3n.<\/p>\n\n\n\n<p>Este reconocimiento de la obra de Dios, es un impulso del coraz\u00f3n, es una mirada atenta, es un canto de acci\u00f3n de gracias, es una alabanza que brota cuando somos capaces de reconocer que no hemos caminado solos a lo largo del a\u00f1o. Es el reconocimiento de esa fuerza y de esa luz que nos permitieron enfrentar determinadas pruebas. Junto a nuestras actas y planillas, debemos dar lugar a la poes\u00eda y al canto, a la oraci\u00f3n y al silencio. Nuestras instituciones educativas no surgieron por mera motivaci\u00f3n filantr\u00f3pica, tampoco como una respuesta inevitable a las falencias educativas estatales. La educaci\u00f3n es una obra de misericordia que tiene su manantial en el coraz\u00f3n del Maestro, que se ofrece como Camino, Verdad y Vida. Sin este elemento fundamental nuestra identidad queda diluida y lo que es acto de amor de caridad se convierte en mero esfuerzo profesional. Pero este objetivo no se logra adornando nuestras instituciones y programas, sino que reclama dar lugar al mismo Dios entre nosotros, para qu\u00e9 configure el rostro el coraz\u00f3n y las manos de Jes\u00fas, su Hijo amado, en cada uno de nosotros.<\/p>\n\n\n\n<p>En este sentido, el Evangelio nos habla de amistad. En el modo en que vivimos y trabajamos es muy fina la l\u00ednea que separa al servidor del amigo. El servidor tiene ante s\u00ed un amo, sea una persona o una instituci\u00f3n, incluso el mismo Dios. Participa, tambi\u00e9n, de una relaci\u00f3n asim\u00e9trica, en la que se encuentra en situaci\u00f3n de inferioridad. Trabaja s\u00f3lo por su salario, del que nunca estar\u00e1 conforme, porque no hay dinero que compense la entrega personal del tiempo, el esfuerzo y, en definitiva, la vida. Se desentiende en cuanto puede para poder gozar del tiempo que le queda, a veces muy breve, para poder gozar de la vida. Este es el esquema religioso tradicional. En la religiones es muy frecuente que Dios o los dioses sean los amos y los seres humanos los siervos que viven a merced de sus caprichos.<\/p>\n\n\n\n<p>Jes\u00fas, en cambio, plantea una relaci\u00f3n diferente: \u201cno los llamo siervos, los llamo amigos\u201d. Dando su vida, introduce en nuestros corazones un caudal de amor tan grande, que es capaz de regalarnos un v\u00ednculo sim\u00e9trico con Dios, nos pone a su nivel. Y esto con el \u00fanico objetivo de introducirnos en su amistad. La amistad con \u00e9l nos permite ser parte de la comunidad de amigos del Se\u00f1or, en el que nos motiva y nos apasiona, lo que al Amigo que nos convoca le apasiona. Cuando hablamos de sinodalidad, de caminar juntos, de trabajar con esp\u00edritu de equipo, nos referimos a esto. No es un simple juego democr\u00e1tico y participativo. Es reconocernos desde una perspectiva trascendente, es decir, nos hace encontramos m\u00e1s all\u00e1 de nuestras miradas o deseos individuales, pudiendo descubrir el rumbo que quiere darle quien nos convoca y nos une.&nbsp; La amistad supone, en primer lugar, el amor de benevolencia, por el que queremos el bien de cada uno, con nombre y rostro propio. Implica, en segundo lugar, la reciprocidad, no podemos vivir la amistad si el afecto y el v\u00ednculo es unidireccional, reclama el ida y vuelta, el don y la acogida, la gratuidad y el agradecimiento. Y finalmente genera y supone la comuni\u00f3n, como en Dios, ni uno solo, ni siquiera el yo y el tu, sino el nosotros. Ese nosotros que est\u00e1 enriquecido con valores, como el respecto, la b\u00fasqueda de las condiciones que promuevan el bien de todos, la justicia, la verdad, la transparencia, la honestidad, la paciencia y, no nos olvidemos, la misericordia y la capacidad de perd\u00f3n.<\/p>\n\n\n\n<p>Jes\u00fas lo dice con claridad en el Evangelio que escuchamos. Es el \u00fanico camino: \u201cpermanezcan en mi amor\u201d. Hermosas palabras para atesorarlas y rumiarlas en el tiempo de receso y de descanso. Damos gracias a Dios porque nos ha llamado a ser parte de su obra de amor, all\u00ed queremos permanecer. Damos gracias porque nos convoca a un servicio que compromete nuestra vida y nos hace part\u00edcipes de la acci\u00f3n apasionada de Dios por llevar sentido y plenitud a los ni\u00f1os, a los j\u00f3venes y a los adultos. Damos gracias por este nosotros en el que permanecemos en Dios, aprendiendo de \u00e9l a ser m\u00e1s nosotros mismos y al mismo tiempo crecer en el modo de ser y de hacer de Jes\u00fas.<\/p>\n\n\n\n<p>Que podamos renovarnos personal y comunitariamente para retomar el a\u00f1o pr\u00f3ximo nuestra tarea, no con esp\u00edritu de siervos sino de amigos, dispuestos a trabajar con m\u00e1s alegr\u00eda a pesar de los desaf\u00edos y las pruebas. Adentr\u00e9monos en el tiempo del Adviento, disponiendo nuestro coraz\u00f3n, para participar del gran acotamiento que es fundamento de nuestra fe, Dios permanece con nosotros siempre, porque es fiel, porque es el Emmanuel, el Dios con nosotros. Am\u00e9n.<\/p>\n\n\n\n<p>Fotos: Andrea Sanchez<\/p>\n\n\n\n<figure class=\"wp-container-2 wp-block-gallery-1 wp-block-gallery has-nested-images columns-default is-cropped\">\n<figure class=\"wp-block-image size-large\"><img loading=\"lazy\" width=\"576\" height=\"1024\" data-id=\"42373\"  src=\"https:\/\/www.obispado-mdp.org.ar\/a\/wp-content\/uploads\/2023\/12\/1f604576-73a8-44c8-a52c-65634980dfdf-576x1024.jpg\" alt=\"\" class=\"wp-image-42373\"\/><\/figure>\n\n\n\n<figure class=\"wp-block-image size-large\"><img loading=\"lazy\" width=\"1024\" height=\"576\" data-id=\"42369\"  src=\"https:\/\/www.obispado-mdp.org.ar\/a\/wp-content\/uploads\/2023\/12\/6acb3a53-ce19-4f92-a57e-c7899ae19ed1-1024x576.jpg\" alt=\"\" class=\"wp-image-42369\"\/><\/figure>\n\n\n\n<figure class=\"wp-block-image size-large\"><img loading=\"lazy\" width=\"1024\" height=\"576\" data-id=\"42372\"  src=\"https:\/\/www.obispado-mdp.org.ar\/a\/wp-content\/uploads\/2023\/12\/594f19a8-781c-44ec-8fcc-d8d7ab56ac0e-1024x576.jpg\" alt=\"\" class=\"wp-image-42372\"\/><\/figure>\n\n\n\n<figure class=\"wp-block-image size-large\"><img loading=\"lazy\" width=\"1024\" height=\"768\" data-id=\"42368\"  src=\"https:\/\/www.obispado-mdp.org.ar\/a\/wp-content\/uploads\/2023\/12\/b494d2e8-322d-4b4b-888d-ce527318db0e-1-1024x768.jpg\" alt=\"\" class=\"wp-image-42368\"\/><\/figure>\n\n\n\n<figure class=\"wp-block-image size-large\"><img loading=\"lazy\" width=\"1024\" height=\"576\" data-id=\"42374\"  src=\"https:\/\/www.obispado-mdp.org.ar\/a\/wp-content\/uploads\/2023\/12\/c5a21922-afe1-4bc6-abf2-3e6d005da67d-1024x576.jpg\" alt=\"\" class=\"wp-image-42374\"\/><\/figure>\n\n\n\n<figure class=\"wp-block-image size-large\"><img loading=\"lazy\" width=\"1024\" height=\"576\" data-id=\"42366\"  src=\"https:\/\/www.obispado-mdp.org.ar\/a\/wp-content\/uploads\/2023\/12\/d16c9446-b53e-4409-8437-30fb4aa05ab8-1-1024x576.jpg\" alt=\"\" class=\"wp-image-42366\"\/><\/figure>\n\n\n\n<figure class=\"wp-block-image size-large\"><img loading=\"lazy\" width=\"1024\" height=\"576\" data-id=\"42370\"  src=\"https:\/\/www.obispado-mdp.org.ar\/a\/wp-content\/uploads\/2023\/12\/f375df6a-3f90-45e4-8528-2bbdea4d791e-1024x576.jpg\" alt=\"\" class=\"wp-image-42370\"\/><\/figure>\n\n\n\n<figure class=\"wp-block-image size-large\"><img loading=\"lazy\" width=\"1024\" height=\"768\" data-id=\"42371\"  src=\"https:\/\/www.obispado-mdp.org.ar\/a\/wp-content\/uploads\/2023\/12\/f72893f3-dae8-44e7-b8ae-b9fe81e4f4bc-1024x768.jpg\" alt=\"\" class=\"wp-image-42371\"\/><\/figure>\n\n\n\n<figure class=\"wp-block-image size-large\"><img loading=\"lazy\" width=\"1024\" height=\"576\" data-id=\"42367\"  src=\"https:\/\/www.obispado-mdp.org.ar\/a\/wp-content\/uploads\/2023\/12\/fe7830cc-eab6-4b5d-b596-358ae12027f4-1024x576.jpg\" alt=\"\" class=\"wp-image-42367\"\/><\/figure>\n<\/figure>\n","protected":false},"excerpt":{"rendered":"<p>Con una misa de acci\u00f3n de gracias presidida por el administrador diocesano P Luis Alb\u00f3niga, la comunidad de Balcarce record\u00f3 la misi\u00f3n compartida, acompa\u00f1ando a la escuela \u00abEmilio Lamarca\u00bb en el a\u00f1o de su Centenario. Tambi\u00e9n fue la ceremonia de finalizaci\u00f3n del ciclo lectivo 2023 de los colegios de la JUREC. Participaron de la Misa [&hellip;]<\/p>\n","protected":false},"author":4,"featured_media":42372,"comment_status":"open","ping_status":"open","sticky":false,"template":"","format":"standard","meta":{"_et_pb_use_builder":"","_et_pb_old_content":"","_et_gb_content_width":""},"categories":[4,7],"tags":[],"aioseo_notices":[],"_links":{"self":[{"href":"https:\/\/www.obispado-mdp.org.ar\/a\/wp-json\/wp\/v2\/posts\/42364"}],"collection":[{"href":"https:\/\/www.obispado-mdp.org.ar\/a\/wp-json\/wp\/v2\/posts"}],"about":[{"href":"https:\/\/www.obispado-mdp.org.ar\/a\/wp-json\/wp\/v2\/types\/post"}],"author":[{"embeddable":true,"href":"https:\/\/www.obispado-mdp.org.ar\/a\/wp-json\/wp\/v2\/users\/4"}],"replies":[{"embeddable":true,"href":"https:\/\/www.obispado-mdp.org.ar\/a\/wp-json\/wp\/v2\/comments?post=42364"}],"version-history":[{"count":2,"href":"https:\/\/www.obispado-mdp.org.ar\/a\/wp-json\/wp\/v2\/posts\/42364\/revisions"}],"predecessor-version":[{"id":42376,"href":"https:\/\/www.obispado-mdp.org.ar\/a\/wp-json\/wp\/v2\/posts\/42364\/revisions\/42376"}],"wp:featuredmedia":[{"embeddable":true,"href":"https:\/\/www.obispado-mdp.org.ar\/a\/wp-json\/wp\/v2\/media\/42372"}],"wp:attachment":[{"href":"https:\/\/www.obispado-mdp.org.ar\/a\/wp-json\/wp\/v2\/media?parent=42364"}],"wp:term":[{"taxonomy":"category","embeddable":true,"href":"https:\/\/www.obispado-mdp.org.ar\/a\/wp-json\/wp\/v2\/categories?post=42364"},{"taxonomy":"post_tag","embeddable":true,"href":"https:\/\/www.obispado-mdp.org.ar\/a\/wp-json\/wp\/v2\/tags?post=42364"}],"curies":[{"name":"wp","href":"https:\/\/api.w.org\/{rel}","templated":true}]}}