{"id":42380,"date":"2023-12-02T18:38:31","date_gmt":"2023-12-02T21:38:31","guid":{"rendered":"https:\/\/www.obispado-mdp.org.ar\/a\/?p=42380"},"modified":"2023-12-02T18:41:29","modified_gmt":"2023-12-02T21:41:29","slug":"con-una-participacion-record-se-realizo-la-multitudinaria-50-marcha-de-la-esperanza","status":"publish","type":"post","link":"https:\/\/www.obispado-mdp.org.ar\/a\/con-una-participacion-record-se-realizo-la-multitudinaria-50-marcha-de-la-esperanza\/","title":{"rendered":"CON UNA PARTICIPACI\u00d3N R\u00c9CORD, SE REALIZ\u00d3 LA MULTITUDINARIA 50\u00b0 MARCHA DE LA ESPERANZA"},"content":{"rendered":"\n<p><br>Miles de fieles se reunieron en la edici\u00f3n 50 de la Marcha de la Esperanza, la MARCHA DE ORO, que uni\u00f3 como es tradicional la Gruta de Lourdes -en Magallanes 4051- con la Iglesia Catedral de Mar del Plata. Homenajes a la Beatificaci\u00f3n de Pironio, con alegres canticos a la Virgen y agradeciendo por la beatificaci\u00f3n de Pironio.<br>Desde hace 50 a\u00f1os los marplatenses caminan bien cerquita de la imagen de la Virgen, colmando las calles de la ciudad. Adultos mayores, madres con beb\u00e9s en brazos, personas caminando descalzas, familias completas, sacerdotes y muchos j\u00f3venes fueron parte de la Marcha de la Esperanza 2023 que este a\u00f1o tiene como especial agradecimiento al Beatificaci\u00f3n del obispo que inici\u00f3 la Marcha en 1974, el Cardenal Pironio que ser\u00e1 beatificado el 16 de diciembre en Lujan.<br>Bajo el lema \u201cCon Mar\u00eda misioneros en la esperanza\u201d, la peregrinaci\u00f3n tuvo el recorrido tradicional, como primer parada la parroquia San Antonio en Elpidio Gonz\u00e1lez 203, luego en la parroquia Jes\u00fas Obrero en Lisandro de la Torre 790, de ah\u00ed a la parroquia San Jos\u00e9, en Matheu 3351y la ante\u00faltima parada que ser\u00e1 la Asunci\u00f3n de la Sant\u00edsima Virgen en Santa Fe 2973.<br>Los organizadores estimaron una participaci\u00f3n r\u00e9cord que se pudo visibilizar claramente en el \u201cpaso de la Virgen\u201d que se realiz\u00f3 en la diagonal Lisandro de la Torre. <\/p>\n\n\n\n<p>En estos momentos la marcha se abre en dos, y la imagen de la Virgen pasa hasta el final y luego vuelve a \u201ccaminar y encabezar\u201d la peregrinaci\u00f3n. Visiblemente emocionados, con los pa\u00f1uelos saludando a la Virgen y al canto \u201cVirgen Mar\u00eda pasa por aqu\u00ed\u201d, se constituye en uno de los momentos m\u00e1s emotivos de la tarde.<br>Miles de personas siguieron adem\u00e1s la transmisi\u00f3n de las radios y las redes del obispado, viviendo intensamente el relato que desde la Catedral animaban a los peregrinos. Algunos vecinos saludaban el paso de la Virgen con p\u00e9talos de rosas al paso por su propia casa. Una fiesta de alegr\u00eda y color que va rumbo a la Catedral.<\/p>\n\n\n\n<figure class=\"wp-container-2 wp-block-gallery-1 wp-block-gallery has-nested-images columns-default is-cropped\">\n<figure class=\"wp-block-image size-large\"><img loading=\"lazy\" width=\"1024\" height=\"768\" data-id=\"42392\"  src=\"https:\/\/www.obispado-mdp.org.ar\/a\/wp-content\/uploads\/2023\/12\/IMG_20231202_182049-1-1024x768.jpg\" alt=\"\" class=\"wp-image-42392\"\/><\/figure>\n\n\n\n<figure class=\"wp-block-image size-large\"><img loading=\"lazy\" width=\"768\" height=\"1024\" data-id=\"42386\"  src=\"https:\/\/www.obispado-mdp.org.ar\/a\/wp-content\/uploads\/2023\/12\/IMG_20231202_175628-768x1024.jpg\" alt=\"\" class=\"wp-image-42386\"\/><\/figure>\n\n\n\n<figure class=\"wp-block-image size-large\"><img loading=\"lazy\" width=\"768\" height=\"1024\" data-id=\"42393\"  src=\"https:\/\/www.obispado-mdp.org.ar\/a\/wp-content\/uploads\/2023\/12\/IMG_20231202_180837-768x1024.jpg\" alt=\"\" class=\"wp-image-42393\"\/><\/figure>\n\n\n\n<figure class=\"wp-block-image size-large\"><img loading=\"lazy\" width=\"1024\" height=\"768\" data-id=\"42390\"  src=\"https:\/\/www.obispado-mdp.org.ar\/a\/wp-content\/uploads\/2023\/12\/IMG_20231202_175137-1024x768.jpg\" alt=\"\" class=\"wp-image-42390\"\/><\/figure>\n\n\n\n<figure class=\"wp-block-image size-large\"><img loading=\"lazy\" width=\"768\" height=\"1024\" data-id=\"42395\"  src=\"https:\/\/www.obispado-mdp.org.ar\/a\/wp-content\/uploads\/2023\/12\/IMG_20231202_175253-768x1024.jpg\" alt=\"\" class=\"wp-image-42395\"\/><\/figure>\n\n\n\n<figure class=\"wp-block-image size-large\"><img loading=\"lazy\" width=\"1024\" height=\"768\" data-id=\"42394\"  src=\"https:\/\/www.obispado-mdp.org.ar\/a\/wp-content\/uploads\/2023\/12\/IMG_20231202_180803-1024x768.jpg\" alt=\"\" class=\"wp-image-42394\"\/><\/figure>\n\n\n\n<figure class=\"wp-block-image size-large\"><img loading=\"lazy\" width=\"1024\" height=\"768\" data-id=\"42397\"  src=\"https:\/\/www.obispado-mdp.org.ar\/a\/wp-content\/uploads\/2023\/12\/IMG_20231202_171015-1-1024x768.jpg\" alt=\"\" class=\"wp-image-42397\"\/><\/figure>\n\n\n\n<figure class=\"wp-block-image size-large\"><img loading=\"lazy\" width=\"1024\" height=\"768\" data-id=\"42388\"  src=\"https:\/\/www.obispado-mdp.org.ar\/a\/wp-content\/uploads\/2023\/12\/IMG_20231202_160302-1024x768.jpg\" alt=\"\" class=\"wp-image-42388\"\/><\/figure>\n\n\n\n<figure class=\"wp-block-image size-large\"><img loading=\"lazy\" width=\"1024\" height=\"768\" data-id=\"42389\"  src=\"https:\/\/www.obispado-mdp.org.ar\/a\/wp-content\/uploads\/2023\/12\/IMG_20231202_160036-1024x768.jpg\" alt=\"\" class=\"wp-image-42389\"\/><\/figure>\n\n\n\n<figure class=\"wp-block-image size-large\"><img loading=\"lazy\" width=\"768\" height=\"1024\" data-id=\"42387\"  src=\"https:\/\/www.obispado-mdp.org.ar\/a\/wp-content\/uploads\/2023\/12\/IMG_20231202_152726-768x1024.jpg\" alt=\"\" class=\"wp-image-42387\"\/><\/figure>\n<\/figure>\n","protected":false},"excerpt":{"rendered":"<p>Miles de fieles se reunieron en la edici\u00f3n 50 de la Marcha de la Esperanza, la MARCHA DE ORO, que uni\u00f3 como es tradicional la Gruta de Lourdes -en Magallanes 4051- con la Iglesia Catedral de Mar del Plata. Homenajes a la Beatificaci\u00f3n de Pironio, con alegres canticos a la Virgen y agradeciendo por la [&hellip;]<\/p>\n","protected":false},"author":4,"featured_media":42382,"comment_status":"open","ping_status":"open","sticky":false,"template":"","format":"standard","meta":{"_et_pb_use_builder":"","_et_pb_old_content":"","_et_gb_content_width":""},"categories":[4],"tags":[],"aioseo_notices":[],"_links":{"self":[{"href":"https:\/\/www.obispado-mdp.org.ar\/a\/wp-json\/wp\/v2\/posts\/42380"}],"collection":[{"href":"https:\/\/www.obispado-mdp.org.ar\/a\/wp-json\/wp\/v2\/posts"}],"about":[{"href":"https:\/\/www.obispado-mdp.org.ar\/a\/wp-json\/wp\/v2\/types\/post"}],"author":[{"embeddable":true,"href":"https:\/\/www.obispado-mdp.org.ar\/a\/wp-json\/wp\/v2\/users\/4"}],"replies":[{"embeddable":true,"href":"https:\/\/www.obispado-mdp.org.ar\/a\/wp-json\/wp\/v2\/comments?post=42380"}],"version-history":[{"count":3,"href":"https:\/\/www.obispado-mdp.org.ar\/a\/wp-json\/wp\/v2\/posts\/42380\/revisions"}],"predecessor-version":[{"id":42399,"href":"https:\/\/www.obispado-mdp.org.ar\/a\/wp-json\/wp\/v2\/posts\/42380\/revisions\/42399"}],"wp:featuredmedia":[{"embeddable":true,"href":"https:\/\/www.obispado-mdp.org.ar\/a\/wp-json\/wp\/v2\/media\/42382"}],"wp:attachment":[{"href":"https:\/\/www.obispado-mdp.org.ar\/a\/wp-json\/wp\/v2\/media?parent=42380"}],"wp:term":[{"taxonomy":"category","embeddable":true,"href":"https:\/\/www.obispado-mdp.org.ar\/a\/wp-json\/wp\/v2\/categories?post=42380"},{"taxonomy":"post_tag","embeddable":true,"href":"https:\/\/www.obispado-mdp.org.ar\/a\/wp-json\/wp\/v2\/tags?post=42380"}],"curies":[{"name":"wp","href":"https:\/\/api.w.org\/{rel}","templated":true}]}}