{"id":42472,"date":"2023-12-04T08:15:52","date_gmt":"2023-12-04T11:15:52","guid":{"rendered":"https:\/\/www.obispado-mdp.org.ar\/a\/?p=42472"},"modified":"2023-12-04T10:27:35","modified_gmt":"2023-12-04T13:27:35","slug":"celebracion-de-la-beatificacion-de-pironio","status":"publish","type":"post","link":"https:\/\/www.obispado-mdp.org.ar\/a\/celebracion-de-la-beatificacion-de-pironio\/","title":{"rendered":"CELEBRACI\u00d3N DE LA BEATIFICACI\u00d3N DE PIRONIO"},"content":{"rendered":"\n<p class=\"has-pale-cyan-blue-background-color has-background\"><strong>La Iglesia Cat\u00f3lica en Argentina se prepara con mucha alegr\u00eda para la beatificaci\u00f3n de uno de los obispos m\u00e1s distinguidos de su historia: el Cardenal Eduardo Pironio, que se celebrar\u00e1 el 16 de diciembre en la Bas\u00edlica y Santuario Nacional de Nuestra Se\u00f1ora de Luj\u00e1n, en la provincia de Buenos Aires. Celebraci\u00f3n en Mar del Plata el 19 de diciembre.<\/strong><\/p>\n\n\n\n<p>La celebraci\u00f3n estar\u00e1 presidida por el Cardenal espa\u00f1ol Fernando V\u00e9rgez, quien durante muchos a\u00f1os fue secretario del Cardenal Pironio y se realizar\u00e1 a las 11:00 horas en la plaza Belgrano, frente a la bas\u00edlica, seg\u00fan lo informado por el Arzobispo de Mercedes-Luj\u00e1n, Mons. Jorge Eduardo Scheinig.<\/p>\n\n\n\n<p>Mons. Scheinig aclar\u00f3 que la celebraci\u00f3n ser\u00e1 fuera de la bas\u00edlica \u201cporque son muchas las personas que desean participar y estamos muy felices\u201d.<\/p>\n\n\n\n<p><strong>Delegaciones de la di\u00f3cesis<\/strong><\/p>\n\n\n\n<p>Desde distintas ciudades de la di\u00f3cesis partir\u00e1n delegaciones organizadas por las comunidades. La parroquia San Antonio de Padua dispone un colectivo. Salida a las 01hs \/ Regreso a las 15hs. <\/p>\n\n\n\n<p>La parroquia del Huerto anuncio que su delegaci\u00f3n sale el viernes 15 a las 23,30hs. <\/p>\n\n\n\n<p>Desde Necochea se anunci\u00f3 una salida desde la terminal el viernes 15\/12 a las 19 hs. organizada por la parroquia Santa Teresita.<\/p>\n\n\n\n<p><strong>Transmisiones<\/strong><\/p>\n\n\n\n<p>Quienes no puedan asistir, podr\u00e1n seguir la transmisi\u00f3n de la ceremonia v\u00eda&nbsp;streaming, a trav\u00e9s del&nbsp;<a href=\"https:\/\/www.youtube.com\/santuariodelujan\"><strong>canal de YouTube del Santuario y Bas\u00edlica Nuestra Se\u00f1ora de Luj\u00e1n<\/strong><\/a>, y del de la&nbsp;<a href=\"https:\/\/www.youtube.com\/conferenciaepiscopalargentina\"><strong>Conferencia Episcopal Argentina<\/strong><\/a>.<\/p>\n\n\n\n<p><strong>CONCIERTO POR PIRONIO<\/strong><\/p>\n\n\n\n<p>El mismo s\u00e1bado 16 se anunci\u00f3 a las 20hs un Concierto denominado \u201cCreciendo en armon\u00eda\u201d en agradecimiento por la Beatificaci\u00f3n de Pironio que se realizar\u00e1 en la parroquia de la Asunci\u00f3n en Mar del Plata con entrada libre y gratuita.<\/p>\n\n\n\n<p><strong>en mar del plata<br><\/strong>El obispado local confirmo que el Cardenal espa\u00f1ol Fernando V\u00e9rges, tambi\u00e9n visitar\u00e1 Mar del Plata para realizar una celebraci\u00f3n de Acci\u00f3n de Gracias con la comunidad local por el legado del cardenal Pironio y su beatificaci\u00f3n.<\/p>\n\n\n\n<p>El cardenal V\u00e9rges llegara a la ciudad el martes 19 de diciembre y presidir\u00e1 la eucarist\u00eda en la iglesia Catedral a las 19 junto a la comunidad local. Tambi\u00e9n mantendr\u00e1 un encuentro con el clero y las hermanas del Carmelo.<\/p>\n\n\n\n<p>El enviado del papa Francisco para la beatificaci\u00f3n del cardenal Eduardo Pironio, Cardenal Fernando V\u00e9rgez \u00c1lzaga, es espa\u00f1ol destac\u00f3 en entrevista con T\u00e9lam en el Vaticano que el purpurado \u00absiempre fue un argentino apegado a su patria y a su gente\u00bb, resalt\u00f3 su \u00abopci\u00f3n por los pobres\u00bb y lo record\u00f3 como alguien \u00abacostumbrado a trabajar sin aparecer, sin hacerse notar\u00bb.<\/p>\n\n\n\n<p><strong>FERNANDO V\u00c9RGEZ \u00c1LZAGA, EL ENVIADO DE FRANCISCO A LA BEATIFICACI\u00d3N DE EDUARDO PIRONIO<\/strong><\/p>\n\n\n\n<p>El cardenal espa\u00f1ol Fernando V\u00e9rgez \u00c1lzaga, presidente de la Gobernaci\u00f3n del Estado de la Ciudad del Vaticano, ser\u00e1 el representante del papa Francisco para la&nbsp;<strong>beatificaci\u00f3n que se har\u00e1 el s\u00e1bado 16 de diciembre en Luj\u00e1n<\/strong>&nbsp;del purpurado argentino Eduardo Pironio, del que fue secretario privado durante 23 a\u00f1os.<\/p>\n\n\n\n<p><br><strong>V\u00e9rgez, quien encabeza el Gobierno vaticano desde 2021 y fue secretario de Pironio desde 1975 a 1998<\/strong>, fue elegido por el pont\u00edfice para asistir como enviado vaticano a la ceremonia por la que Pironio quedar\u00e1 a solo un milagro de ser considerado santo.<br><br>Seg\u00fan explic\u00f3 V\u00e9rgez a T\u00e9lam en Roma, \u00abla Gobernaci\u00f3n es el \u00f3rgano investido del poder ejecutivo del Estado de la Ciudad del Vaticano\u00bb.<\/p>\n\n\n\n<p><br>\u00abM\u00e1s concretamente, es el conjunto de \u00f3rganos a trav\u00e9s de los cuales el presidente, asistido por el secretario general y el vicesecretario general, ejerce el poder ejecutivo; se divide en direcciones y oficinas centrales. Es una realidad compleja y abigarrada que se extiende por todo el Vaticano y coordina todas sus actividades\u00bb.<\/p>\n\n\n\n<p><br>El purpurado<strong>&nbsp;espa\u00f1ol de 78 a\u00f1os<\/strong>&nbsp;es adem\u00e1s miembro del consejo asesor de Francisco, conocido como C9, que tiene la tarea de \u00abser un consejo al servicio del Papa en el desempe\u00f1o de su ministerio y en el gobierno de la Iglesia\u00bb, plante\u00f3.<\/p>\n\n\n\n<p><br>\u00abA los cardenales miembros de este \u00f3rgano se nos presentan temas de actualidad sobre los que reflexionar y ofrecer nuestra aportaci\u00f3n\u00bb, agreg\u00f3 V\u00e9rgez.<\/p>\n\n\n\n<p><br>Entre otros cargos, el cardenal espa\u00f1ol fue responsable del Departamento de Internet de la Santa Sede y director de la Direcci\u00f3n de Telecomunicaciones del Gobierno del Estado de la Ciudad del Vaticano.<\/p>\n\n\n\n<p>Fue creado cardenal por Francisco en el Consistorio celebrado el 27 de agosto de 2022.<\/p>\n\n\n\n<p>Fuente TELAM<\/p>\n\n\n\n<figure class=\"wp-container-2 wp-block-gallery-1 wp-block-gallery has-nested-images columns-default is-cropped\">\n<figure class=\"wp-block-image size-large\"><img loading=\"lazy\" width=\"1024\" height=\"576\" data-id=\"42473\"  src=\"https:\/\/www.obispado-mdp.org.ar\/a\/wp-content\/uploads\/2023\/12\/cardenal-verges-1024x576.jpg\" alt=\"\" class=\"wp-image-42473\"\/><figcaption>Cardenal Fernando V\u00e9rgez \u00c1lzaga,<\/figcaption><\/figure>\n\n\n\n<figure class=\"wp-block-image size-large\"><img loading=\"lazy\" width=\"1024\" height=\"840\" data-id=\"42474\"  src=\"https:\/\/www.obispado-mdp.org.ar\/a\/wp-content\/uploads\/2023\/12\/Misa-en-Accion-de-Gracias-32-1024x840.jpg\" alt=\"\" class=\"wp-image-42474\"\/><figcaption>Misa en Acci\u00f3n de Gracias &#8211; 1<\/figcaption><\/figure>\n<\/figure>\n","protected":false},"excerpt":{"rendered":"<p>La Iglesia Cat\u00f3lica en Argentina se prepara con mucha alegr\u00eda para la beatificaci\u00f3n de uno de los obispos m\u00e1s distinguidos de su historia: el Cardenal Eduardo Pironio, que se celebrar\u00e1 el 16 de diciembre en la Bas\u00edlica y Santuario Nacional de Nuestra Se\u00f1ora de Luj\u00e1n, en la provincia de Buenos Aires. Celebraci\u00f3n en Mar del [&hellip;]<\/p>\n","protected":false},"author":4,"featured_media":42475,"comment_status":"open","ping_status":"open","sticky":false,"template":"","format":"standard","meta":{"_et_pb_use_builder":"","_et_pb_old_content":"","_et_gb_content_width":""},"categories":[3,4],"tags":[],"aioseo_notices":[],"_links":{"self":[{"href":"https:\/\/www.obispado-mdp.org.ar\/a\/wp-json\/wp\/v2\/posts\/42472"}],"collection":[{"href":"https:\/\/www.obispado-mdp.org.ar\/a\/wp-json\/wp\/v2\/posts"}],"about":[{"href":"https:\/\/www.obispado-mdp.org.ar\/a\/wp-json\/wp\/v2\/types\/post"}],"author":[{"embeddable":true,"href":"https:\/\/www.obispado-mdp.org.ar\/a\/wp-json\/wp\/v2\/users\/4"}],"replies":[{"embeddable":true,"href":"https:\/\/www.obispado-mdp.org.ar\/a\/wp-json\/wp\/v2\/comments?post=42472"}],"version-history":[{"count":3,"href":"https:\/\/www.obispado-mdp.org.ar\/a\/wp-json\/wp\/v2\/posts\/42472\/revisions"}],"predecessor-version":[{"id":42479,"href":"https:\/\/www.obispado-mdp.org.ar\/a\/wp-json\/wp\/v2\/posts\/42472\/revisions\/42479"}],"wp:featuredmedia":[{"embeddable":true,"href":"https:\/\/www.obispado-mdp.org.ar\/a\/wp-json\/wp\/v2\/media\/42475"}],"wp:attachment":[{"href":"https:\/\/www.obispado-mdp.org.ar\/a\/wp-json\/wp\/v2\/media?parent=42472"}],"wp:term":[{"taxonomy":"category","embeddable":true,"href":"https:\/\/www.obispado-mdp.org.ar\/a\/wp-json\/wp\/v2\/categories?post=42472"},{"taxonomy":"post_tag","embeddable":true,"href":"https:\/\/www.obispado-mdp.org.ar\/a\/wp-json\/wp\/v2\/tags?post=42472"}],"curies":[{"name":"wp","href":"https:\/\/api.w.org\/{rel}","templated":true}]}}