{"id":42484,"date":"2023-12-06T13:29:24","date_gmt":"2023-12-06T16:29:24","guid":{"rendered":"https:\/\/www.obispado-mdp.org.ar\/a\/?p=42484"},"modified":"2023-12-06T13:29:25","modified_gmt":"2023-12-06T16:29:25","slug":"bendicion-de-aguas","status":"publish","type":"post","link":"https:\/\/www.obispado-mdp.org.ar\/a\/bendicion-de-aguas\/","title":{"rendered":"BENDICI\u00d3N DE AGUAS."},"content":{"rendered":"\n<p class=\"has-pale-cyan-blue-background-color has-background\">    <strong>El administrador diocesano, Pbro Luis Alb\u00f3niga, junto al Intendente Montenegro, autoridades y personalidades de la ciudad, participaron de la tradicional ceremonia de Bendici\u00f3n de la Aguas en la Plaza de las Am\u00e9ricas y que inaugura oficialmente la temporada de verano.<\/strong><\/p>\n\n\n\n<p>   En la bendici\u00f3n el P. Luis dijo \u201cal contemplar este escenario del mar y nuestra ciudad lo primero que surge en nuestro coraz\u00f3n es la acci\u00f3n de Gracias. Agradecerle a Dios porque lo que tenemos y disfrutamos cada d\u00eda frente a nuestros ojos es un gran regalo y por eso la bendici\u00f3n es en primer lugar no para pedir sino, agradecer\u201d.<\/p>\n\n\n\n<p>En otro p\u00e1rrafo de su invocaci\u00f3n religiosa, Alb\u00f3niga agreg\u00f3, \u201cagradecer no solo la geograf\u00eda sino tambi\u00e9n agradecer por cada uno de los vecinos, las personas que vivimos ac\u00e1, que trabajamos y las trabajan en el mar. Tambi\u00e9n queremos pedir en esta bendici\u00f3n al Se\u00f1or que nos ayude a asumir la responsabilidad que implica este regalo, porque tenemos que cuidarlo para que siga creciendo en su belleza y tambi\u00e9n pedirle que proteja a todos aquellos que trabajan en el mar, y a los esperan mucho en la temporada, y que tambi\u00e9n proteja a quienes van a venir a compartir con nosotros en el verano. \u00a0Que este tiempo de descanso para algunos y de mucho trabajo para otros, sea tambi\u00e9n la oportunidad para descubrir no solo el regalo que Dios nos da, sino el regalo que es \u00c9l mismo entre nosotros\u201d finalizo.<\/p>\n\n\n\n<p>En la apertura del acto oficial&nbsp;la Banda Sinf\u00f3nica Municipal dirigida por el Maestro Jos\u00e9 Mar\u00eda Ulla, interpret\u00f3 el Himno Nacional Argentino.&nbsp;A continuaci\u00f3n, se realiz\u00f3 un minuto de silencio en memoria de todas las personas que dejaron su vida en el mar como los&nbsp;44 tripulantes del submarino ARA San Juan.&nbsp;<\/p>\n\n\n\n<p>&nbsp;Luego, la&nbsp;Banda Sinf\u00f3nica hizo su presentaci\u00f3n junto a la solista vocal Paula San Mart\u00edn, y la&nbsp;Guardia Nacional del Mar&nbsp;bail\u00f3 tres composiciones para los presentes.&nbsp;<\/p>\n\n\n\n<p>&nbsp;Por su parte,&nbsp;el Intendente aprovech\u00f3 la ocasi\u00f3n para agradecer a las autoridades, las fuerzas federales y provinciales, a la banda y los vecinos de General Pueyrredon&nbsp;\u201cpor el esfuerzo que vienen haciendo todo este tiempo, que tambi\u00e9n se hace d\u00eda a d\u00eda para tener esta ciudad que cuando uno se detiene un minuto y la ve y dice qu\u00e9 maravilla, en qu\u00e9 lugar vivimos. Y&nbsp;esto me parece que, como bien dec\u00eda el padre Luis, es para agradecer todos los d\u00edas\u201d.<\/p>\n\n\n\n<p>Como cierre de la jornada,&nbsp;la Banda Sinf\u00f3nica interpret\u00f3 Lo que Vendr\u00e1 de Astor Piazzolla.<\/p>\n\n\n\n<p>El jefe comunal estuvo acompa\u00f1ado por el presidente del Ente Municipal de Turismo y Cultura, Bernardo Mart\u00edn, los concejales Marina S\u00e1nchez Herrero, Agust\u00edn Neme, Marianela Romero y Ang\u00e9lica Gonz\u00e1lez, junto a Pablo Ar\u00e1uz de Peralta Ramos, familiar directo de los fundadores de la ciudad de Mar del Plata, representantes de las fuerzas de seguridad y p\u00fablico en general.<\/p>\n\n\n\n<figure class=\"wp-container-2 wp-block-gallery-1 wp-block-gallery has-nested-images columns-default is-cropped\">\n<figure class=\"wp-block-image size-large\"><img loading=\"lazy\" width=\"745\" height=\"1011\" data-id=\"42486\"  src=\"https:\/\/www.obispado-mdp.org.ar\/a\/wp-content\/uploads\/2023\/12\/3acb2c68-8172-4eb4-9c23-de45c67e3583.jpg\" alt=\"\" class=\"wp-image-42486\"\/><\/figure>\n\n\n\n<figure class=\"wp-block-image size-large\"><img loading=\"lazy\" width=\"1024\" height=\"683\" data-id=\"42487\"  src=\"https:\/\/www.obispado-mdp.org.ar\/a\/wp-content\/uploads\/2023\/12\/75499913-c263-4ee4-ac48-3f8ec15946c6-1024x683.jpg\" alt=\"\" class=\"wp-image-42487\"\/><\/figure>\n\n\n\n<figure class=\"wp-block-image size-large\"><img loading=\"lazy\" width=\"1024\" height=\"683\" data-id=\"42489\"  src=\"https:\/\/www.obispado-mdp.org.ar\/a\/wp-content\/uploads\/2023\/12\/af9db820-1603-4465-ac50-4a58b578f5a7-1024x683.jpg\" alt=\"\" class=\"wp-image-42489\"\/><\/figure>\n\n\n\n<figure class=\"wp-block-image size-large\"><img loading=\"lazy\" width=\"1024\" height=\"683\" data-id=\"42485\"  src=\"https:\/\/www.obispado-mdp.org.ar\/a\/wp-content\/uploads\/2023\/12\/fbe4d5a7-50e4-449e-abd5-5cdb4afc1088-1024x683.jpg\" alt=\"\" class=\"wp-image-42485\"\/><\/figure>\n<\/figure>\n","protected":false},"excerpt":{"rendered":"<p>El administrador diocesano, Pbro Luis Alb\u00f3niga, junto al Intendente Montenegro, autoridades y personalidades de la ciudad, participaron de la tradicional ceremonia de Bendici\u00f3n de la Aguas en la Plaza de las Am\u00e9ricas y que inaugura oficialmente la temporada de verano. En la bendici\u00f3n el P. Luis dijo \u201cal contemplar este escenario del mar y nuestra [&hellip;]<\/p>\n","protected":false},"author":4,"featured_media":42488,"comment_status":"open","ping_status":"open","sticky":false,"template":"","format":"standard","meta":{"_et_pb_use_builder":"","_et_pb_old_content":"","_et_gb_content_width":""},"categories":[4],"tags":[],"aioseo_notices":[],"_links":{"self":[{"href":"https:\/\/www.obispado-mdp.org.ar\/a\/wp-json\/wp\/v2\/posts\/42484"}],"collection":[{"href":"https:\/\/www.obispado-mdp.org.ar\/a\/wp-json\/wp\/v2\/posts"}],"about":[{"href":"https:\/\/www.obispado-mdp.org.ar\/a\/wp-json\/wp\/v2\/types\/post"}],"author":[{"embeddable":true,"href":"https:\/\/www.obispado-mdp.org.ar\/a\/wp-json\/wp\/v2\/users\/4"}],"replies":[{"embeddable":true,"href":"https:\/\/www.obispado-mdp.org.ar\/a\/wp-json\/wp\/v2\/comments?post=42484"}],"version-history":[{"count":1,"href":"https:\/\/www.obispado-mdp.org.ar\/a\/wp-json\/wp\/v2\/posts\/42484\/revisions"}],"predecessor-version":[{"id":42490,"href":"https:\/\/www.obispado-mdp.org.ar\/a\/wp-json\/wp\/v2\/posts\/42484\/revisions\/42490"}],"wp:featuredmedia":[{"embeddable":true,"href":"https:\/\/www.obispado-mdp.org.ar\/a\/wp-json\/wp\/v2\/media\/42488"}],"wp:attachment":[{"href":"https:\/\/www.obispado-mdp.org.ar\/a\/wp-json\/wp\/v2\/media?parent=42484"}],"wp:term":[{"taxonomy":"category","embeddable":true,"href":"https:\/\/www.obispado-mdp.org.ar\/a\/wp-json\/wp\/v2\/categories?post=42484"},{"taxonomy":"post_tag","embeddable":true,"href":"https:\/\/www.obispado-mdp.org.ar\/a\/wp-json\/wp\/v2\/tags?post=42484"}],"curies":[{"name":"wp","href":"https:\/\/api.w.org\/{rel}","templated":true}]}}