{"id":42492,"date":"2023-12-07T09:57:04","date_gmt":"2023-12-07T12:57:04","guid":{"rendered":"https:\/\/www.obispado-mdp.org.ar\/a\/?p=42492"},"modified":"2023-12-07T09:57:11","modified_gmt":"2023-12-07T12:57:11","slug":"colacion-de-grados-en-la-eut","status":"publish","type":"post","link":"https:\/\/www.obispado-mdp.org.ar\/a\/colacion-de-grados-en-la-eut\/","title":{"rendered":"COLACI\u00d3N DE GRADOS EN LA EUT."},"content":{"rendered":"\n<p class=\"has-pale-cyan-blue-background-color has-background\"><strong>La <a href=\"https:\/\/www.facebook.com\/EUT.CEDIER?__cft__%5b0%5d=AZXk23V1nfZv6nVG_h3r4F5-fThw_WYeuwzPx8tJvGnZ-W4b_A6LwpeohEd2fvCLw5tb4U8Wcx168yIIYHoN328invwIsgnMBBzzY-0X9ISMYKxBKIVyb78xh1oR9LhJCKCgNfYCSFbK3Y1CHrwRCMX0f4JIQejiZsWn4q9Br_Z78AAJ4gwhaBfsRwzFgdgOWho&amp;__tn__=-%5dK-R\">Escuela Universitaria de Teolog\u00eda &#8211; Cedier<\/a> realiz\u00f3 anoche la Misa de Acci\u00f3n de Gracias y la consiguiente Ceremonia de Colaci\u00f3n de Grado en la <a href=\"https:\/\/www.facebook.com\/iglesiacatedralmdp?__cft__%5b0%5d=AZXk23V1nfZv6nVG_h3r4F5-fThw_WYeuwzPx8tJvGnZ-W4b_A6LwpeohEd2fvCLw5tb4U8Wcx168yIIYHoN328invwIsgnMBBzzY-0X9ISMYKxBKIVyb78xh1oR9LhJCKCgNfYCSFbK3Y1CHrwRCMX0f4JIQejiZsWn4q9Br_Z78AAJ4gwhaBfsRwzFgdgOWho&amp;__tn__=-%5dK-R\">Iglesia Catedral de Mar del Plata<\/a><\/strong><\/p>\n\n\n\n<p>Presidida por el Administrador Diocesano y rector de la Universidad del Obispado, el P. Luis Alb\u00f3niga, dieron gracias a Dios por el conocimiento adquirido, la comunidad que hemos construido y el crecimiento espiritual experimentado a lo largo de estos a\u00f1os de dedicaci\u00f3n.<\/p>\n\n\n\n<p>En la oportunidad, el Rector, el Vicerrector, Rub\u00e9n Primo Fern\u00e1ndez, junto al P. Cristian Basterrechea, entregaron los diplomas y certificados a los alumnos que se graduaron en las distintas disciplinas de estudio de la Escuela Universitaria de Teolog\u00eda.<\/p>\n\n\n\n<p><em><strong>HOMILIA del P. Luis Alb\u00f3niga<\/strong><\/em><\/p>\n\n\n\n<p>Nuestra celebraci\u00f3n de acci\u00f3n de gracias por el ciclo lectivo 2023 coincide con el inicio de tiempo de Adviento. Es el tiempo propicio para ponernos en camino hacia el Se\u00f1or y ofrecerle nuestros dones, el trabajo acad\u00e9mico, el estudio, los servicios de este a\u00f1o. Tambi\u00e9n para poner en sus manos nuestros proyectos institucionales y los deseos de los graduados.<\/p>\n\n\n\n<p>El profeta Isa\u00edas nos ofrece un bell\u00edsimo or\u00e1culo en el que el encuentro con el Se\u00f1or es un banquete de manjares suculentos y vinos a\u00f1ejados. El banquete representa el encuentro festivo, que recrea los v\u00ednculos en torno a la dimensi\u00f3n teologal de nuestra vida. Es una invitaci\u00f3n a compartir la mesa y a disfrutar de los manjares que el Se\u00f1or mismo nos prepara. Es la fiesta del consuelo, donde \u00c9l seca nuestras l\u00e1grimas. Es la fiesta de la vida, donde \u00c9l destruye definitivamente la muerte.<\/p>\n\n\n\n<p>Qu\u00e9 hermosa imagen para pensar nuestro quehacer teol\u00f3gico y catequ\u00edstico. Nuestro oficio es servir con alegr\u00eda en el banquete de Dios. Somos los encargados de ahondar en nuestra conciencia creyente y en la vivencia de la fe, para ayudar a los hermanos a reconocer y gustar los manjares suculentos de la Palabra de Dios y celebrar su amor, que es como el vino que alegra el coraz\u00f3n. El contacto con la Revelaci\u00f3n, acogida con fe y profundizada con la inteligencia, no puede consistir en un mero c\u00famulo de conocimientos, no puede quedarse en un fr\u00edo mecanismo de pasar p\u00e1ginas y hacer esquemas de contenidos. Nuestra tarea es conocer, pero tambi\u00e9n interpretar y comunicar y, en eso se juega nuestra vida. Tenemos que desplegar nuestras capacidades intelectuales, formar nuestra sensibilidad, para que su Palabra nos empape, llegue a conmovernos, admirarnos y, as\u00ed, transformarnos. \u00a1Cu\u00e1nto necesita el mundo la Palabra de Vida! \u00a1Cu\u00e1nto necesita la humanidad participar en el banquete del encuentro con Dios!<\/p>\n\n\n\n<p>Y as\u00ed, puede renacer la esperanza. El estudio y la contemplaci\u00f3n nos llevan reconocer en nuestro contexto particular la gran afirmaci\u00f3n que nos regala el profeta: \u00abAh\u00ed est\u00e1 nuestro Dios, de quien esper\u00e1bamos la salvaci\u00f3n: es el Se\u00f1or, en quien nosotros esper\u00e1bamos; \u00a1alegr\u00e9monos y regocij\u00e9monos de su salvaci\u00f3n!\u00bb&nbsp;El te\u00f3logo y el catequista se\u00f1alan con seguridad y certeza la presencia de Dios. Hacen descubrir en lo concreto de la vida de las personas, las familias, las comunidades y de los pueblos esa presencia de Dios, discreta y firme, que nutre el deseo magn\u00e1nimo del encuentro cara a cara con \u00c9l, de la experiencia salv\u00edfica que significa un acontecimiento de gracia en nuestra vida.<\/p>\n\n\n\n<p>El Evangelio nos da la clave para interpretar el anuncio del banquete. El manjar suculento y el vino a\u00f1ejado es Jes\u00fas. \u00c9l es el alimento y quien nos alimenta. De sus manos recibimos el manjar de la Palabra y se presenta bajo las especies eucar\u00edsticas como Pan de Vida y bebida de salvaci\u00f3n. No se puede aprender y ense\u00f1ar teolog\u00eda o catequesis si no nos nutrimos de \u00c9l. El alimento que \u00c9l multiplica es el que nutre nuestra esperanza. Y cuando lo recibimos, como bien expres\u00f3 san Agust\u00edn, no se convierte en nosotros, como sucede con los alimentos de la carne, sino que nos va transformando en \u00c9l. El vino que es su sangre, nos convierte en consangu\u00edneos suyos y as\u00ed, configur\u00e1ndonos con \u00c9l, no s\u00f3lo aprendemos sobre \u00c9l, sino que conocemos, interpretamos, sentimos y comunicamos como \u00c9l.<\/p>\n\n\n\n<p>Queridas hermanas, queridos hermanos, no seamos mezquinos en nuestra labor, entregu\u00e9monos a ella con pasi\u00f3n. No s\u00f3lo est\u00e1 en juego un t\u00edtulo o una tarea, sino que se juega la vida: la nuestra y la del mundo. Gustemos de la sobreabundancia de la acci\u00f3n divina, alegr\u00e9monos por la fuerza transformadora de su amor y hag\u00e1monos transparentes al anuncio gozoso y a la sabidur\u00eda que \u00c9l nos regala. Trabajemos con seriedad, busquemos, indaguemos, estudiemos, ense\u00f1emos con pasi\u00f3n. Pero recordemos siempre que \u201cDios da su pan a sus amados mientras duermen\u201d (Sal 127,2). Reconozcamos con humildad que nuestro esfuerzo s\u00f3lo penetra en el misterio cuando el esfuerzo es respuesta y colaboraci\u00f3n con la Gracia de Dios. \u00c9l Esp\u00edritu Santo es el gran maestro, s\u00f3lo \u00e9l puede guiarnos a la verdad, ayud\u00e1ndonos a transcender el relativismo, los encierros ideol\u00f3gicos y las aspiraciones que nos llevan lejos de esa sencilla pradera, en la que el Se\u00f1or vuelve cada d\u00eda a multiplicar los panes.<\/p>\n\n\n\n<p>Quiero agradecer a cada uno de los que trabajan con generosidad en nuestro Instituto Universitario. Somos muchos y trabajamos mucho. Gracias por el sentido vocacional, por el oficio de amor, por la paciencia con las dificultades que muchas veces se presentan en el desarrollo de la tarea. Gracias por comprender nuestras limitaciones materiales y seguir colaborando para que podamos llegar a todos los que desean formarse con una contribuci\u00f3n accesible.<\/p>\n\n\n\n<p>Felicitaciones, queridos graduados en las carreras de grado, en las diplomaturas y en todos los itinerarios formativos. Hace ya varios a\u00f1os descubrimos que el Se\u00f1or nos llamaba a crecer en una perspectiva teol\u00f3gico pastoral que anime y acompa\u00f1a la tarea pastoral y la evangelizaci\u00f3n. Tenemos que seguir creciendo, no por mera aspiraci\u00f3n vanidosa e institucional, sino como respuesta a la llamada de Dios y a la inquietud que \u00c9l pone en tantos corazones.<\/p>\n\n\n\n<p>En esta misa ponemos estos panes, que son pocos, en el Altar, damos gracias por ellos y le pedimos a Jes\u00fas que los multiplique y los haga fecundos.<\/p>\n\n\n\n<p>Quiero poner especialmente dos panes extras en el altar: la acreditaci\u00f3n en Comisi\u00f3n Nacional de Evaluaci\u00f3n Universitaria, en orden a poder dictar a la brevedad las Carreras a Distancia, para facilitar a m\u00e1s hermanos la posibilidad de formarse y servir; y el convenio con la Universidad Cat\u00f3lica de Plata, a fin de poder brindar juntos carreras de posgrado.<\/p>\n\n\n\n<p>Gritemos junto esta tarde: \u00abAh\u00ed est\u00e1 nuestro Dios, de quien esper\u00e1bamos la salvaci\u00f3n: es el Se\u00f1or, en quien nosotros esper\u00e1bamos; \u00a1alegr\u00e9monos y regocij\u00e9monos de su salvaci\u00f3n!\u00bb\u00a0<\/p>\n\n\n\n<figure class=\"wp-container-2 wp-block-gallery-1 wp-block-gallery has-nested-images columns-default is-cropped\">\n<figure class=\"wp-block-image size-large\"><img loading=\"lazy\" width=\"1024\" height=\"768\" data-id=\"42496\"  src=\"https:\/\/www.obispado-mdp.org.ar\/a\/wp-content\/uploads\/2023\/12\/04d51e47-8e25-4660-b356-c494883cda34-1024x768.jpg\" alt=\"\" class=\"wp-image-42496\"\/><\/figure>\n\n\n\n<figure class=\"wp-block-image size-large\"><img loading=\"lazy\" width=\"768\" height=\"1024\" data-id=\"42495\"  src=\"https:\/\/www.obispado-mdp.org.ar\/a\/wp-content\/uploads\/2023\/12\/8ee5b492-82c9-491e-94ac-348daa741b68-768x1024.jpg\" alt=\"\" class=\"wp-image-42495\"\/><\/figure>\n\n\n\n<figure class=\"wp-block-image size-large\"><img loading=\"lazy\" width=\"1024\" height=\"768\" data-id=\"42498\"  src=\"https:\/\/www.obispado-mdp.org.ar\/a\/wp-content\/uploads\/2023\/12\/97026182-ff3d-4794-9be3-f0e4e8e2c01f-1024x768.jpg\" alt=\"\" class=\"wp-image-42498\"\/><\/figure>\n\n\n\n<figure class=\"wp-block-image size-large\"><img loading=\"lazy\" width=\"440\" height=\"331\" data-id=\"42493\"  src=\"https:\/\/www.obispado-mdp.org.ar\/a\/wp-content\/uploads\/2023\/12\/408099310_746775964149296_4990822097009674012_n.jpg\" alt=\"\" class=\"wp-image-42493\"\/><\/figure>\n\n\n\n<figure class=\"wp-block-image size-large\"><img loading=\"lazy\" width=\"744\" height=\"512\" data-id=\"42494\"  src=\"https:\/\/www.obispado-mdp.org.ar\/a\/wp-content\/uploads\/2023\/12\/408152950_746775990815960_4113815959376002273_n.jpg\" alt=\"\" class=\"wp-image-42494\"\/><\/figure>\n\n\n\n<figure class=\"wp-block-image size-large\"><img loading=\"lazy\" width=\"1024\" height=\"768\" data-id=\"42497\"  src=\"https:\/\/www.obispado-mdp.org.ar\/a\/wp-content\/uploads\/2023\/12\/c774ca93-c7db-49c9-9ce4-cd58c27706d3-1024x768.jpg\" alt=\"\" class=\"wp-image-42497\"\/><\/figure>\n\n\n\n<figure class=\"wp-block-image size-large\"><img loading=\"lazy\" width=\"1024\" height=\"768\" data-id=\"42499\"  src=\"https:\/\/www.obispado-mdp.org.ar\/a\/wp-content\/uploads\/2023\/12\/db1321d3-c4e9-4ef2-a9e5-134b393d01f3-1024x768.jpg\" alt=\"\" class=\"wp-image-42499\"\/><\/figure>\n<\/figure>\n","protected":false},"excerpt":{"rendered":"<p>La Escuela Universitaria de Teolog\u00eda &#8211; Cedier realiz\u00f3 anoche la Misa de Acci\u00f3n de Gracias y la consiguiente Ceremonia de Colaci\u00f3n de Grado en la Iglesia Catedral de Mar del Plata Presidida por el Administrador Diocesano y rector de la Universidad del Obispado, el P. Luis Alb\u00f3niga, dieron gracias a Dios por el conocimiento adquirido, [&hellip;]<\/p>\n","protected":false},"author":4,"featured_media":42500,"comment_status":"open","ping_status":"open","sticky":false,"template":"","format":"standard","meta":{"_et_pb_use_builder":"","_et_pb_old_content":"","_et_gb_content_width":""},"categories":[5],"tags":[],"aioseo_notices":[],"_links":{"self":[{"href":"https:\/\/www.obispado-mdp.org.ar\/a\/wp-json\/wp\/v2\/posts\/42492"}],"collection":[{"href":"https:\/\/www.obispado-mdp.org.ar\/a\/wp-json\/wp\/v2\/posts"}],"about":[{"href":"https:\/\/www.obispado-mdp.org.ar\/a\/wp-json\/wp\/v2\/types\/post"}],"author":[{"embeddable":true,"href":"https:\/\/www.obispado-mdp.org.ar\/a\/wp-json\/wp\/v2\/users\/4"}],"replies":[{"embeddable":true,"href":"https:\/\/www.obispado-mdp.org.ar\/a\/wp-json\/wp\/v2\/comments?post=42492"}],"version-history":[{"count":1,"href":"https:\/\/www.obispado-mdp.org.ar\/a\/wp-json\/wp\/v2\/posts\/42492\/revisions"}],"predecessor-version":[{"id":42501,"href":"https:\/\/www.obispado-mdp.org.ar\/a\/wp-json\/wp\/v2\/posts\/42492\/revisions\/42501"}],"wp:featuredmedia":[{"embeddable":true,"href":"https:\/\/www.obispado-mdp.org.ar\/a\/wp-json\/wp\/v2\/media\/42500"}],"wp:attachment":[{"href":"https:\/\/www.obispado-mdp.org.ar\/a\/wp-json\/wp\/v2\/media?parent=42492"}],"wp:term":[{"taxonomy":"category","embeddable":true,"href":"https:\/\/www.obispado-mdp.org.ar\/a\/wp-json\/wp\/v2\/categories?post=42492"},{"taxonomy":"post_tag","embeddable":true,"href":"https:\/\/www.obispado-mdp.org.ar\/a\/wp-json\/wp\/v2\/tags?post=42492"}],"curies":[{"name":"wp","href":"https:\/\/api.w.org\/{rel}","templated":true}]}}