{"id":42502,"date":"2023-12-08T18:37:36","date_gmt":"2023-12-08T21:37:36","guid":{"rendered":"https:\/\/www.obispado-mdp.org.ar\/a\/?p=42502"},"modified":"2023-12-08T18:48:44","modified_gmt":"2023-12-08T21:48:44","slug":"inmaculada-concepcion-de-maria","status":"publish","type":"post","link":"https:\/\/www.obispado-mdp.org.ar\/a\/inmaculada-concepcion-de-maria\/","title":{"rendered":"INMACULADA CONCEPCI\u00d3N DE MAR\u00cdA."},"content":{"rendered":"\n<p class=\"has-pale-cyan-blue-background-color has-background\"><strong>Toda la di\u00f3cesis celebr\u00f3 la Solemnidad de la Inmaculada Concepci\u00f3n de Mar\u00eda. 113 a\u00f1os de la fundaci\u00f3n del Instituto Unzue. <\/strong><\/p>\n\n\n\n<p>En todas las parroquias y capillas se celebr\u00f3 hoy a la Virgen Mar\u00eda.<\/p>\n\n\n\n<p>UNZUE<\/p>\n\n\n\n<p>Presidida por el Administrador Diocesano, Pbro Luis Alb\u00f3niga, se realiz\u00f3 hoy la celebraci\u00f3n de la Solemnidad de la Inmaculada Virgen Mar\u00eda en acci\u00f3n de gracias por los 113 a\u00f1os de la instituci\u00f3n.<\/p>\n\n\n\n<p>En su homilia el P Luis dijo: \u00abcelebramos hoy en memoria agradecida por todo el bien que est\u00e1 instituci\u00f3n ha hecho en la ciudad en tantos a\u00f1os de servicio. Bendecimos a todos los que trabajan en esta obra y reconocemos especialmente a Elida Turno por su gesti\u00f3n y dedicaci\u00f3n\u00bb.<br>Sobre la Solemnidad de la inmaculada, el P Luis nos invit\u00f3 a pensar \u00abc\u00f3mo Dios construy\u00f3 con Mar\u00eda el futuro de la humanidad con el env\u00edo de su Hijo amado Jesucristo. Como Mar\u00eda digamos s\u00ed a Dios para recibir tambi\u00e9n a su hijo por medio del bautismo. La respuesta de Mar\u00eda abre el camino para la llegada del Salvador para volver a instalar el amor de Dios en el centro de nuestras vida\u00bb, concluy\u00f3 el sacerdote.<\/p>\n\n\n\n<p>Al t\u00e9rmino de la celebraci\u00f3n el P Luis bendijo a todas las personas que trabajan en el UNZUE y sus familias.<\/p>\n\n\n\n<figure class=\"wp-container-2 wp-block-gallery-1 wp-block-gallery has-nested-images columns-default is-cropped\">\n<figure class=\"wp-block-image size-large\"><img loading=\"lazy\" width=\"1024\" height=\"768\" data-id=\"42511\"  src=\"https:\/\/www.obispado-mdp.org.ar\/a\/wp-content\/uploads\/2023\/12\/680afa6b-f69f-4ab7-bd5e-9c6ac3715b26-1-1024x768.jpg\" alt=\"\" class=\"wp-image-42511\"\/><\/figure>\n\n\n\n<figure class=\"wp-block-image size-large\"><img loading=\"lazy\" width=\"1024\" height=\"768\" data-id=\"42512\"  src=\"https:\/\/www.obispado-mdp.org.ar\/a\/wp-content\/uploads\/2023\/12\/a64dce4c-1182-467a-839c-87cb5cd106af-1024x768.jpg\" alt=\"\" class=\"wp-image-42512\"\/><\/figure>\n\n\n\n<figure class=\"wp-block-image size-large\"><img loading=\"lazy\" width=\"1024\" height=\"768\" data-id=\"42513\"  src=\"https:\/\/www.obispado-mdp.org.ar\/a\/wp-content\/uploads\/2023\/12\/ab59f725-6e82-4d93-92cb-af594cead42a-1024x768.jpg\" alt=\"\" class=\"wp-image-42513\"\/><\/figure>\n\n\n\n<figure class=\"wp-block-image size-large\"><img loading=\"lazy\" width=\"1024\" height=\"768\" data-id=\"42514\"  src=\"https:\/\/www.obispado-mdp.org.ar\/a\/wp-content\/uploads\/2023\/12\/682ec37a-1c64-445e-9b1b-fa27bd564606-1024x768.jpg\" alt=\"\" class=\"wp-image-42514\"\/><\/figure>\n<\/figure>\n\n\n\n<p>PIRAN<\/p>\n\n\n\n<p>En la ma\u00f1ana del 8 de diciembre, se celebraron las patronales de la Parroquia Inmaculada Concepci\u00f3n de Mar\u00eda en Pir\u00e1n.<br>El P. Luis Alb\u00f3niga particip\u00f3, junto con el p\u00e1rroco, pbro. Cristian Basterrechea y los seminaristas Joaqu\u00edn y Tom\u00e1s, de la procesi\u00f3n y la misa, donde tomaron su segunda comuni\u00f3n los chicos\/as de la comunidad.<br>Adem\u00e1s despidieron a la hermana Marta que se vuelve a El Salvador.<\/p>\n\n\n\n<figure class=\"wp-container-4 wp-block-gallery-3 wp-block-gallery has-nested-images columns-default is-cropped\">\n<figure class=\"wp-block-image size-large\"><img loading=\"lazy\" width=\"1024\" height=\"768\" data-id=\"42505\"  src=\"https:\/\/www.obispado-mdp.org.ar\/a\/wp-content\/uploads\/2023\/12\/5ce2d177-0ffb-4e55-9801-fb6161b3fc1f-1024x768.jpg\" alt=\"\" class=\"wp-image-42505\"\/><\/figure>\n\n\n\n<figure class=\"wp-block-image size-large\"><img loading=\"lazy\" width=\"1024\" height=\"768\" data-id=\"42508\"  src=\"https:\/\/www.obispado-mdp.org.ar\/a\/wp-content\/uploads\/2023\/12\/0487a46c-5c7b-4b59-8801-43ad668ea933-1024x768.jpg\" alt=\"\" class=\"wp-image-42508\"\/><\/figure>\n\n\n\n<figure class=\"wp-block-image size-large\"><img loading=\"lazy\" width=\"1024\" height=\"768\" data-id=\"42507\"  src=\"https:\/\/www.obispado-mdp.org.ar\/a\/wp-content\/uploads\/2023\/12\/694c668c-cfd0-47db-b725-84de433f19fe-1024x768.jpg\" alt=\"\" class=\"wp-image-42507\"\/><\/figure>\n\n\n\n<figure class=\"wp-block-image size-large\"><img loading=\"lazy\" width=\"1024\" height=\"768\" data-id=\"42506\"  src=\"https:\/\/www.obispado-mdp.org.ar\/a\/wp-content\/uploads\/2023\/12\/8909916f-3bb0-4bff-9c32-6522125e13d5-1024x768.jpg\" alt=\"\" class=\"wp-image-42506\"\/><\/figure>\n<\/figure>\n","protected":false},"excerpt":{"rendered":"<p>Toda la di\u00f3cesis celebr\u00f3 la Solemnidad de la Inmaculada Concepci\u00f3n de Mar\u00eda. 113 a\u00f1os de la fundaci\u00f3n del Instituto Unzue. En todas las parroquias y capillas se celebr\u00f3 hoy a la Virgen Mar\u00eda. UNZUE Presidida por el Administrador Diocesano, Pbro Luis Alb\u00f3niga, se realiz\u00f3 hoy la celebraci\u00f3n de la Solemnidad de la Inmaculada Virgen Mar\u00eda [&hellip;]<\/p>\n","protected":false},"author":4,"featured_media":42509,"comment_status":"open","ping_status":"open","sticky":false,"template":"","format":"standard","meta":{"_et_pb_use_builder":"","_et_pb_old_content":"","_et_gb_content_width":""},"categories":[4],"tags":[],"aioseo_notices":[],"_links":{"self":[{"href":"https:\/\/www.obispado-mdp.org.ar\/a\/wp-json\/wp\/v2\/posts\/42502"}],"collection":[{"href":"https:\/\/www.obispado-mdp.org.ar\/a\/wp-json\/wp\/v2\/posts"}],"about":[{"href":"https:\/\/www.obispado-mdp.org.ar\/a\/wp-json\/wp\/v2\/types\/post"}],"author":[{"embeddable":true,"href":"https:\/\/www.obispado-mdp.org.ar\/a\/wp-json\/wp\/v2\/users\/4"}],"replies":[{"embeddable":true,"href":"https:\/\/www.obispado-mdp.org.ar\/a\/wp-json\/wp\/v2\/comments?post=42502"}],"version-history":[{"count":7,"href":"https:\/\/www.obispado-mdp.org.ar\/a\/wp-json\/wp\/v2\/posts\/42502\/revisions"}],"predecessor-version":[{"id":42770,"href":"https:\/\/www.obispado-mdp.org.ar\/a\/wp-json\/wp\/v2\/posts\/42502\/revisions\/42770"}],"wp:featuredmedia":[{"embeddable":true,"href":"https:\/\/www.obispado-mdp.org.ar\/a\/wp-json\/wp\/v2\/media\/42509"}],"wp:attachment":[{"href":"https:\/\/www.obispado-mdp.org.ar\/a\/wp-json\/wp\/v2\/media?parent=42502"}],"wp:term":[{"taxonomy":"category","embeddable":true,"href":"https:\/\/www.obispado-mdp.org.ar\/a\/wp-json\/wp\/v2\/categories?post=42502"},{"taxonomy":"post_tag","embeddable":true,"href":"https:\/\/www.obispado-mdp.org.ar\/a\/wp-json\/wp\/v2\/tags?post=42502"}],"curies":[{"name":"wp","href":"https:\/\/api.w.org\/{rel}","templated":true}]}}