{"id":42536,"date":"2023-12-10T15:51:57","date_gmt":"2023-12-10T18:51:57","guid":{"rendered":"https:\/\/www.obispado-mdp.org.ar\/a\/?p=42536"},"modified":"2023-12-10T15:53:46","modified_gmt":"2023-12-10T18:53:46","slug":"dolor-por-el-fallecimiento-del-padre-justino-fernandez","status":"publish","type":"post","link":"https:\/\/www.obispado-mdp.org.ar\/a\/dolor-por-el-fallecimiento-del-padre-justino-fernandez\/","title":{"rendered":"DOLOR POR EL FALLECIMIENTO DEL PADRE JUSTINO FERN\u00c1NDEZ"},"content":{"rendered":"\n<p class=\"has-pale-cyan-blue-background-color has-background\"><strong>Queridos hermanos: el obispado comunica con dolor que esta ma\u00f1ana falleci\u00f3 el Padre Justino Fern\u00e1ndez. <\/strong><\/p>\n\n\n\n<p>La misa exequial ser\u00e1 ma\u00f1ana lunes 11 de diciembre a las 12 en el templo parroquial de la Medalla Milagrosa de Necochea. Damos gracias por el don de su vida y su ministerio y lo encomendamos al Se\u00f1or.<\/p>\n\n\n\n<p>El Padre Justino Fern\u00e1ndez naci\u00f3 el 13 de julio de 1943 en Logro\u00f1o, Espa\u00f1a.Vino a la Argentina a los 5 a\u00f1os. Ingres\u00f3 al Seminario de Gonz\u00e1lez Chavez, en Bah\u00eda Blanca, continuando en el seminario de G\u00e1ndara y terminando sus estudios en el Seminario Mayor de San Jos\u00e9 de La Plata.Se orden\u00f3 como sacerdote el 26 de noviembre de 1966 siendo sus destinos pastorales Maip\u00fa, Quequ\u00e9n en la Parroquia Ntra. Sra. de la Merced, Necochea en la Parroquia Ntra. Sra. de Lourdes ( 1982 &#8211; 2007) y la Parroquia Medalla Milagrosa (2007 &#8211; Actualidad).Ejerci\u00f3 ampliamente su labor pastoral en la Catequesis, y tambi\u00e9n como Delegado Episcopal de la Catequesis.Gran patrocinador de la Catequesis Familiar en nuestra Di\u00f3cesis e incansable animador de Instituciones en el Decanato 4, como fuera la fundaci\u00f3n del Grupo Scout \u00abC\u00f3ndor de los Andes\u00bb en la localidad de Quequ\u00e9n y los Caminos de Vida Cristiana.Su labor pastoral se destac\u00f3 siempre en el servicio sacerdotal animado por su fidelidad a Dios, acompa\u00f1amiento y compromiso con sus hermanos, convirti\u00e9ndose en verdadero testimonio de entrega y servicio en todas las comunidades que con dedicaci\u00f3n y amor supo pastorear.<\/p>\n\n\n\n<figure class=\"wp-block-image size-full\"><img loading=\"lazy\" width=\"783\" height=\"600\" src=\"https:\/\/www.obispado-mdp.org.ar\/a\/wp-content\/uploads\/2023\/12\/IMG_20231210_113803.jpg\" alt=\"\" class=\"wp-image-42539\"\/><\/figure>\n","protected":false},"excerpt":{"rendered":"<p>Queridos hermanos: el obispado comunica con dolor que esta ma\u00f1ana falleci\u00f3 el Padre Justino Fern\u00e1ndez. La misa exequial ser\u00e1 ma\u00f1ana lunes 11 de diciembre a las 12 en el templo parroquial de la Medalla Milagrosa de Necochea. Damos gracias por el don de su vida y su ministerio y lo encomendamos al Se\u00f1or. El Padre [&hellip;]<\/p>\n","protected":false},"author":4,"featured_media":42538,"comment_status":"open","ping_status":"open","sticky":false,"template":"","format":"standard","meta":{"_et_pb_use_builder":"","_et_pb_old_content":"","_et_gb_content_width":""},"categories":[4],"tags":[],"aioseo_notices":[],"_links":{"self":[{"href":"https:\/\/www.obispado-mdp.org.ar\/a\/wp-json\/wp\/v2\/posts\/42536"}],"collection":[{"href":"https:\/\/www.obispado-mdp.org.ar\/a\/wp-json\/wp\/v2\/posts"}],"about":[{"href":"https:\/\/www.obispado-mdp.org.ar\/a\/wp-json\/wp\/v2\/types\/post"}],"author":[{"embeddable":true,"href":"https:\/\/www.obispado-mdp.org.ar\/a\/wp-json\/wp\/v2\/users\/4"}],"replies":[{"embeddable":true,"href":"https:\/\/www.obispado-mdp.org.ar\/a\/wp-json\/wp\/v2\/comments?post=42536"}],"version-history":[{"count":1,"href":"https:\/\/www.obispado-mdp.org.ar\/a\/wp-json\/wp\/v2\/posts\/42536\/revisions"}],"predecessor-version":[{"id":42540,"href":"https:\/\/www.obispado-mdp.org.ar\/a\/wp-json\/wp\/v2\/posts\/42536\/revisions\/42540"}],"wp:featuredmedia":[{"embeddable":true,"href":"https:\/\/www.obispado-mdp.org.ar\/a\/wp-json\/wp\/v2\/media\/42538"}],"wp:attachment":[{"href":"https:\/\/www.obispado-mdp.org.ar\/a\/wp-json\/wp\/v2\/media?parent=42536"}],"wp:term":[{"taxonomy":"category","embeddable":true,"href":"https:\/\/www.obispado-mdp.org.ar\/a\/wp-json\/wp\/v2\/categories?post=42536"},{"taxonomy":"post_tag","embeddable":true,"href":"https:\/\/www.obispado-mdp.org.ar\/a\/wp-json\/wp\/v2\/tags?post=42536"}],"curies":[{"name":"wp","href":"https:\/\/api.w.org\/{rel}","templated":true}]}}