{"id":42541,"date":"2023-12-11T10:03:02","date_gmt":"2023-12-11T13:03:02","guid":{"rendered":"https:\/\/www.obispado-mdp.org.ar\/a\/?p=42541"},"modified":"2023-12-11T10:04:02","modified_gmt":"2023-12-11T13:04:02","slug":"se-realizo-la-marcha-de-la-esperanza-en-balcarce","status":"publish","type":"post","link":"https:\/\/www.obispado-mdp.org.ar\/a\/se-realizo-la-marcha-de-la-esperanza-en-balcarce\/","title":{"rendered":"SE REALIZO LA MARCHA DE LA ESPERANZA EN BALCARCE"},"content":{"rendered":"\n<p class=\"has-pale-cyan-blue-background-color has-background\"><strong>La edici\u00f3n 41 de la Marcha de la Esperanza se realiz\u00f3 en Balcarce. Los peregrinos partieron desde la Parroquia \u201cSanta Mar\u00eda\u201d, hacia la Parroquia \u201cSan Jos\u00e9\u201d, donde los fieles y la comunidad en general se sumaron a la peregrinaci\u00f3n y al rezo.<\/strong><\/p>\n\n\n\n<p>El Padre Pablo Etchepareborda, cura p\u00e1rroco de la Iglesia \u201cSan Jos\u00e9\u201d, presidi\u00f3 la eucarist\u00eda junto con el Padre David, con el Padre Cristian, con el Di\u00e1cono Walter y participaron junto a la <a><\/a>comunidad todos los ni\u00f1os de comuni\u00f3n de la Parroquia \u2018San Jos\u00e9\u2019 que va a hacer su 2da comuni\u00f3n\u00bb.<\/p>\n\n\n\n<p>El sacerdote dijo: \u201cEstamos nuevamente con esta movida interesante, es la edici\u00f3n n\u00famero 41. El lema de este a\u00f1o es: \u2018Con Mar\u00eda, misioneros de la esperanza\u2019, como sabemos este fue un a\u00f1o misionero, seguimos en misi\u00f3n con esperanza. Cuando surgi\u00f3 la marcha hace 50 a\u00f1os en Mar del Plata, se quiso salir a la calle y decir: \u2018desde Jesucristo tenemos fuerza y energ\u00eda para llevar la esperanza a todas las personas\u2019, \u00c9l es la raz\u00f3n de nuestra esperanza\u00bb.<\/p>\n\n\n\n<figure class=\"wp-container-2 wp-block-gallery-1 wp-block-gallery has-nested-images columns-default is-cropped\">\n<figure class=\"wp-block-image size-large\"><img loading=\"lazy\" width=\"1024\" height=\"655\" data-id=\"42542\"  src=\"https:\/\/www.obispado-mdp.org.ar\/a\/wp-content\/uploads\/2023\/12\/00a13438-7af8-40be-bec6-9b2585f9c3ef-1024x655.jpg\" alt=\"\" class=\"wp-image-42542\"\/><\/figure>\n\n\n\n<figure class=\"wp-block-image size-large\"><img loading=\"lazy\" width=\"1024\" height=\"576\" data-id=\"42543\"  src=\"https:\/\/www.obispado-mdp.org.ar\/a\/wp-content\/uploads\/2023\/12\/8c891307-fc31-4837-a3e8-4764e7c4960b-1024x576.jpg\" alt=\"\" class=\"wp-image-42543\"\/><\/figure>\n\n\n\n<figure class=\"wp-block-image size-large\"><img loading=\"lazy\" width=\"1024\" height=\"768\" data-id=\"42545\"  src=\"https:\/\/www.obispado-mdp.org.ar\/a\/wp-content\/uploads\/2023\/12\/165d9e9d-788f-4993-9485-3acfc936f866-1024x768.jpg\" alt=\"\" class=\"wp-image-42545\"\/><\/figure>\n\n\n\n<figure class=\"wp-block-image size-large\"><img loading=\"lazy\" width=\"1024\" height=\"847\" data-id=\"42547\"  src=\"https:\/\/www.obispado-mdp.org.ar\/a\/wp-content\/uploads\/2023\/12\/948c4b31-c692-4374-b355-4aeebaeba2d1-1024x847.jpg\" alt=\"\" class=\"wp-image-42547\"\/><\/figure>\n\n\n\n<figure class=\"wp-block-image size-large\"><img loading=\"lazy\" width=\"1002\" height=\"1024\" data-id=\"42548\"  src=\"https:\/\/www.obispado-mdp.org.ar\/a\/wp-content\/uploads\/2023\/12\/2768dfe6-5dae-4c25-9c51-cce41e5b2361-1002x1024.jpg\" alt=\"\" class=\"wp-image-42548\"\/><\/figure>\n\n\n\n<figure class=\"wp-block-image size-large\"><img loading=\"lazy\" width=\"720\" height=\"480\" data-id=\"42549\"  src=\"https:\/\/www.obispado-mdp.org.ar\/a\/wp-content\/uploads\/2023\/12\/c2619320-f866-4dc8-908c-a19488981224.jpg\" alt=\"\" class=\"wp-image-42549\"\/><\/figure>\n\n\n\n<figure class=\"wp-block-image size-large\"><img loading=\"lazy\" width=\"780\" height=\"507\" data-id=\"42544\"  src=\"https:\/\/www.obispado-mdp.org.ar\/a\/wp-content\/uploads\/2023\/12\/dc23e0a0-adc8-40a9-bcfb-93950a991791.jpg\" alt=\"\" class=\"wp-image-42544\"\/><\/figure>\n<\/figure>\n","protected":false},"excerpt":{"rendered":"<p>La edici\u00f3n 41 de la Marcha de la Esperanza se realiz\u00f3 en Balcarce. Los peregrinos partieron desde la Parroquia \u201cSanta Mar\u00eda\u201d, hacia la Parroquia \u201cSan Jos\u00e9\u201d, donde los fieles y la comunidad en general se sumaron a la peregrinaci\u00f3n y al rezo. El Padre Pablo Etchepareborda, cura p\u00e1rroco de la Iglesia \u201cSan Jos\u00e9\u201d, presidi\u00f3 la [&hellip;]<\/p>\n","protected":false},"author":4,"featured_media":42546,"comment_status":"open","ping_status":"open","sticky":false,"template":"","format":"standard","meta":{"_et_pb_use_builder":"","_et_pb_old_content":"","_et_gb_content_width":""},"categories":[4],"tags":[],"aioseo_notices":[],"_links":{"self":[{"href":"https:\/\/www.obispado-mdp.org.ar\/a\/wp-json\/wp\/v2\/posts\/42541"}],"collection":[{"href":"https:\/\/www.obispado-mdp.org.ar\/a\/wp-json\/wp\/v2\/posts"}],"about":[{"href":"https:\/\/www.obispado-mdp.org.ar\/a\/wp-json\/wp\/v2\/types\/post"}],"author":[{"embeddable":true,"href":"https:\/\/www.obispado-mdp.org.ar\/a\/wp-json\/wp\/v2\/users\/4"}],"replies":[{"embeddable":true,"href":"https:\/\/www.obispado-mdp.org.ar\/a\/wp-json\/wp\/v2\/comments?post=42541"}],"version-history":[{"count":2,"href":"https:\/\/www.obispado-mdp.org.ar\/a\/wp-json\/wp\/v2\/posts\/42541\/revisions"}],"predecessor-version":[{"id":42551,"href":"https:\/\/www.obispado-mdp.org.ar\/a\/wp-json\/wp\/v2\/posts\/42541\/revisions\/42551"}],"wp:featuredmedia":[{"embeddable":true,"href":"https:\/\/www.obispado-mdp.org.ar\/a\/wp-json\/wp\/v2\/media\/42546"}],"wp:attachment":[{"href":"https:\/\/www.obispado-mdp.org.ar\/a\/wp-json\/wp\/v2\/media?parent=42541"}],"wp:term":[{"taxonomy":"category","embeddable":true,"href":"https:\/\/www.obispado-mdp.org.ar\/a\/wp-json\/wp\/v2\/categories?post=42541"},{"taxonomy":"post_tag","embeddable":true,"href":"https:\/\/www.obispado-mdp.org.ar\/a\/wp-json\/wp\/v2\/tags?post=42541"}],"curies":[{"name":"wp","href":"https:\/\/api.w.org\/{rel}","templated":true}]}}